[{"@context":"https:\/\/schema.org\/","@type":"Article","@id":"https:\/\/www.ne-ko.cz\/zakaz-zvysovani-najmu-v-praze\/#Article","mainEntityOfPage":"https:\/\/www.ne-ko.cz\/zakaz-zvysovani-najmu-v-praze\/","headline":"Z\u00e1kaz zvy\u0161ov\u00e1n\u00ed n\u00e1jmu v Praze","name":"Z\u00e1kaz zvy\u0161ov\u00e1n\u00ed n\u00e1jmu v Praze","description":"P\u0159esto\u017ee se neust\u00e1le sni\u017euj\u00ed sazby hypote\u010dn\u00edch \u00fav\u011br\u016f, se zd\u00e1 po\u0159\u00edzen\u00ed vlastn\u00edho bydlen\u00ed st\u00e1le n\u00e1ro\u010dn\u011bj\u0161\u00ed. Od kv\u011btna leto\u0161n\u00edho roku se zv\u00fd\u0161ila...","datePublished":"2019-11-09","dateModified":"2023-06-02","author":{"@type":"Person","@id":"https:\/\/www.ne-ko.cz\/author\/#Person","name":"","url":"https:\/\/www.ne-ko.cz\/author\/","identifier":1,"image":{"@type":"ImageObject","@id":"https:\/\/secure.gravatar.com\/avatar\/93f351f97d5e20a41105810347d62b8b573eebe9313df1f71432877ed17f5f1a?s=96&d=mm&r=g","url":"https:\/\/secure.gravatar.com\/avatar\/93f351f97d5e20a41105810347d62b8b573eebe9313df1f71432877ed17f5f1a?s=96&d=mm&r=g","height":96,"width":96}},"publisher":{"@type":"Organization","name":"ne-ko.cz","logo":{"@type":"ImageObject","@id":"\/logo.png","url":"\/logo.png","width":600,"height":60}},"image":{"@type":"ImageObject","@id":"https:\/\/www.ne-ko.cz\/wp-content\/uploads\/img_a361216_w3287_t1574584171.jpg","url":"https:\/\/www.ne-ko.cz\/wp-content\/uploads\/img_a361216_w3287_t1574584171.jpg","height":0,"width":0},"url":"https:\/\/www.ne-ko.cz\/zakaz-zvysovani-najmu-v-praze\/","about":["Business"],"wordCount":424,"articleBody":"P\u0159esto\u017ee se neust\u00e1le sni\u017euj\u00ed sazby hypote\u010dn\u00edch \u00fav\u011br\u016f, se zd\u00e1 po\u0159\u00edzen\u00ed vlastn\u00edho bydlen\u00ed st\u00e1le n\u00e1ro\u010dn\u011bj\u0161\u00ed. Od kv\u011btna leto\u0161n\u00edho roku se zv\u00fd\u0161ila celkov\u00e1 nab\u00eddka byt\u016f o v pr\u016fm\u011bru 90 tis\u00edc korun na 3,3 milionu korun. V meziro\u010dn\u00edm srovn\u00e1n\u00ed se jedn\u00e1 o nav\u00fd\u0161en\u00ed cen o 420 000 K\u010d. Nahoru nem\u00ed\u0159\u00ed pouze ceny za byty, ale tak\u00e9 ceny n\u00e1jm\u016f. Nejvy\u0161\u0161\u00ed n\u00e1jmy jsou dle o\u010dek\u00e1v\u00e1n\u00ed v Praze a st\u00e1vaj\u00ed se tak pro mnoh\u00e9 lidi nedostupn\u00fdmi. Veden\u00ed m\u011bsta Prahy sice neust\u00e1le slibuje, \u017ee se situac\u00ed zab\u00fdv\u00e1 a \u017ee chyst\u00e1 \u0159e\u0161en\u00ed, nicm\u00e9n\u011b situace se nad\u00e1le zhor\u0161uje.&#13; &#13; &#13; Bytovou krizi v\u0161ak ne\u0159e\u0161\u00ed pouze velk\u00e1 m\u011bsta v \u010cesk\u00e9 republice, ale pravd\u011bpodobn\u011b v\u0161echna v\u011bt\u0161\u00ed m\u011bsta v ostatn\u00edch st\u00e1tech. Radik\u00e1ln\u011bj\u0161\u00ed postupy, jak vy\u0159e\u0161it tuto situaci zvolil sousedn\u00ed Berl\u00edn. Proti neust\u00e1le se zvy\u0161uj\u00edc\u00edm cen\u00e1m byt\u016f bojuj\u00ed zmrazen\u00edm cen, a to nejm\u00e9n\u011b na p\u011bt let. Nov\u00fd n\u00e1vrh z\u00e1kona, kter\u00fd by po odhlasov\u00e1n\u00ed m\u011bl p\u0159ij\u00edt v platnost za\u010d\u00e1tkem p\u0159\u00ed\u0161t\u00edho roku s sebou ponese z\u00e1kaz zvy\u0161ov\u00e1n\u00ed n\u00e1jm\u016f a n\u00e1r\u016fstu u\u017e tak p\u0159emr\u0161t\u011bn\u00fdch cen byt\u016f. Podle kritik\u016f by bylo vhodn\u00e9 sp\u00ed\u0161e vyd\u00e1vat v\u00edce povolen\u00ed ke stavb\u00e1m nov\u00fdch byt\u016f a jejich v\u011bt\u0161\u00ed nab\u00eddka by podle z\u00e1kona o nab\u00eddce a popt\u00e1vce postupn\u011b klesala.&#13; &#13; A jak se na tento radik\u00e1ln\u00ed krok d\u00edv\u00e1 \u010cesk\u00e1 republika? N\u00e1zory se r\u016fzn\u00ed. N\u011bkte\u0159\u00ed odborn\u00edci nejsou p\u0159\u00edli\u0161 naklon\u011bni takov\u00fdmto regulativn\u00edm z\u00e1krok\u016fm, kter\u00e9 zasahuj\u00ed do tr\u017en\u00ed rovnov\u00e1hy. Jednou z mo\u017enost\u00ed, jak bytovou krizi \u0159e\u0161it, je p\u0159\u00edsun nov\u00fdch a kvalitn\u00edch stavebn\u00edch projekt\u016f a zrychlen\u00ed povolovac\u00edch proces\u016f. Stavebn\u00ed \u0159\u00edzen\u00ed by m\u011blo pru\u017en\u011bji a rychleji reagovat na popt\u00e1vku a investice do realit mus\u00ed b\u00fdt pro investory n\u00e1vratn\u00e9. Pokud se principy n\u00e1vratnosti investic budou poru\u0161ovat, bude se nedostatek byt\u016f pouze prohlubovat. Dostupnost byt\u016f za p\u0159\u00edznivou cenu lze zv\u00fd\u0161it pouze za p\u0159edpokladu vy\u0161\u0161\u00ed nab\u00eddky na trhu, a ne neuv\u00e1\u017eliv\u00fdmi z\u00e1sahy do tr\u017en\u00edho prost\u0159ed\u00ed, kter\u00e9 mohou v kone\u010dn\u00e9m d\u016fsledku nap\u00e1chat v\u00edce \u0161kody, ne\u017e u\u017eitku.&#13;                                                                                                                                                                                                                                                                                                                                                                                         4\/5 - (11 votes)        "},{"@context":"https:\/\/schema.org\/","@type":"BreadcrumbList","itemListElement":[{"@type":"ListItem","position":1,"name":"Z\u00e1kaz zvy\u0161ov\u00e1n\u00ed n\u00e1jmu v Praze","item":"https:\/\/www.ne-ko.cz\/zakaz-zvysovani-najmu-v-praze\/#breadcrumbitem"}]}]