[{"@context":"https:\/\/schema.org\/","@type":"Article","@id":"https:\/\/www.ne-ko.cz\/vsimnete-si-co-maji-lide-ktere-mijite-na-ulici-spolecneho\/#Article","mainEntityOfPage":"https:\/\/www.ne-ko.cz\/vsimnete-si-co-maji-lide-ktere-mijite-na-ulici-spolecneho\/","headline":"V\u0161imn\u011bte si, co maj\u00ed lid\u00e9, kter\u00e9 m\u00edj\u00edte na ulici spole\u010dn\u00e9ho","name":"V\u0161imn\u011bte si, co maj\u00ed lid\u00e9, kter\u00e9 m\u00edj\u00edte na ulici spole\u010dn\u00e9ho","description":"Cesta do pr\u00e1ce, na ob\u011bd, z pr\u00e1ce pro d\u011bti do \u0161kolky, do obchodu, dom\u016f&#8230; Ka\u017edodenn\u00ed rutina. B\u011bhem n\u00ed m\u00edj\u00edte stovky...","datePublished":"2025-01-28","dateModified":"2025-01-28","author":{"@type":"Person","@id":"https:\/\/www.ne-ko.cz\/author\/#Person","name":"","url":"https:\/\/www.ne-ko.cz\/author\/","identifier":1,"image":{"@type":"ImageObject","@id":"https:\/\/secure.gravatar.com\/avatar\/93f351f97d5e20a41105810347d62b8b573eebe9313df1f71432877ed17f5f1a?s=96&d=mm&r=g","url":"https:\/\/secure.gravatar.com\/avatar\/93f351f97d5e20a41105810347d62b8b573eebe9313df1f71432877ed17f5f1a?s=96&d=mm&r=g","height":96,"width":96}},"publisher":{"@type":"Organization","name":"ne-ko.cz","logo":{"@type":"ImageObject","@id":"\/logo.png","url":"\/logo.png","width":600,"height":60}},"url":"https:\/\/www.ne-ko.cz\/vsimnete-si-co-maji-lide-ktere-mijite-na-ulici-spolecneho\/","wordCount":250,"articleBody":" Cesta do pr\u00e1ce, na ob\u011bd, z pr\u00e1ce pro d\u011bti do \u0161kolky, do obchodu, dom\u016f&#8230; Ka\u017edodenn\u00ed rutina. B\u011bhem n\u00ed m\u00edj\u00edte stovky lid\u00ed. D\u011bti, dosp\u011bl\u00ed, senio\u0159i. Zkuste si z\u00edtra v\u0161imnout, kolik z nich dr\u017e\u00ed v ruce igelitovou ta\u0161ku. V\u00fdsledek V\u00e1s p\u0159ekvap\u00ed a mo\u017en\u00e1 donut\u00ed se zamyslet nad \u017eivotn\u00edm prost\u0159ed\u00edm. Nen\u00ed to tak dlouho, kdy se n\u00e1kupy d\u00e1valy do tzv. s\u00ed\u0165ovek a igelitky t\u00e9m\u011b\u0159 neexistovaly. Ano, doba jde kup\u0159edu m\u00edlov\u00fdmi kroky. Stejn\u00fdmi kroky s dobou jde bohu\u017eel i zne\u010di\u0161\u0165ov\u00e1n\u00ed \u017eivotn\u00edho prost\u0159ed\u00ed. Je to p\u0159\u00edm\u00e1 \u00fam\u011brnost. \u010c\u00edm v\u00edce igelitek a celkov\u011b v\u011bc\u00ed z plastu, t\u00edm v\u00edce zne\u010di\u0161t\u011bn\u00e9 prost\u0159ed\u00ed kolem n\u00e1s. Vybo\u010dte z davu Sta\u010d\u00ed ud\u011blat m\u00e1lo. Nep\u0159id\u00e1vat se k nar\u016fstaj\u00edc\u00edmu zne\u010di\u0161\u0165ov\u00e1n\u00ed p\u0159\u00edrody. Mo\u017en\u00e1 si \u0159\u00edk\u00e1te, \u017ee kdy\u017e se ekologicky nechovaj\u00ed ostatn\u00ed, nemus\u00edte se tak chovat tak\u00e9. Mo\u017en\u00e1 V\u00e1s napadaj\u00ed my\u0161lenky typu \u201eJeden \u010dlov\u011bk nic nezachr\u00e1n\u00ed.\u201c To jste ov\u0161em na omylu. I ten jeden \u010dlov\u011bk m\u016f\u017ee zachr\u00e1nit hodn\u011b. Ka\u017ed\u00e1 mali\u010dkost se po\u010d\u00edt\u00e1. \u0160et\u0159ete v\u00edce vodou, t\u0159i\u010fte odpad nebo za\u010dn\u011bte pou\u017e\u00edvat m\u00edsto igelitov\u00fdch l\u00e1tkov\u00e9 ta\u0161ky. V\u0161e se po\u010d\u00edt\u00e1.                                                                                                                                                                                                                                                                                                                                                                                        5\/5 - (1 vote)        "},{"@context":"https:\/\/schema.org\/","@type":"BreadcrumbList","itemListElement":[{"@type":"ListItem","position":1,"name":"V\u0161imn\u011bte si, co maj\u00ed lid\u00e9, kter\u00e9 m\u00edj\u00edte na ulici spole\u010dn\u00e9ho","item":"https:\/\/www.ne-ko.cz\/vsimnete-si-co-maji-lide-ktere-mijite-na-ulici-spolecneho\/#breadcrumbitem"}]}]