[{"@context":"https:\/\/schema.org\/","@type":"Article","@id":"https:\/\/www.ne-ko.cz\/stay-pro-dlouhe-letni-dny\/#Article","mainEntityOfPage":"https:\/\/www.ne-ko.cz\/stay-pro-dlouhe-letni-dny\/","headline":"\u0160tay pro dlouh\u00e9 letn\u00ed dny","name":"\u0160tay pro dlouh\u00e9 letn\u00ed dny","description":"L\u00e9to je kr\u00e1sn\u00e9 obdob\u00ed, kdy za\u017e\u00edv\u00e1me nejlep\u0161\u00ed z\u00e1\u017eitky a z\u00edsk\u00e1v\u00e1me nejd\u016fle\u017eit\u011bj\u0161\u00ed zku\u0161enosti. V l\u00e9t\u011b jezd\u00edme a\u0165 u\u017e sami nebo s...","datePublished":"2022-08-14","dateModified":"2023-06-02","author":{"@type":"Person","@id":"https:\/\/www.ne-ko.cz\/author\/#Person","name":"","url":"https:\/\/www.ne-ko.cz\/author\/","identifier":1,"image":{"@type":"ImageObject","@id":"https:\/\/secure.gravatar.com\/avatar\/93f351f97d5e20a41105810347d62b8b573eebe9313df1f71432877ed17f5f1a?s=96&d=mm&r=g","url":"https:\/\/secure.gravatar.com\/avatar\/93f351f97d5e20a41105810347d62b8b573eebe9313df1f71432877ed17f5f1a?s=96&d=mm&r=g","height":96,"width":96}},"publisher":{"@type":"Organization","name":"ne-ko.cz","logo":{"@type":"ImageObject","@id":"\/logo.png","url":"\/logo.png","width":600,"height":60}},"image":{"@type":"ImageObject","@id":"https:\/\/www.ne-ko.cz\/wp-content\/uploads\/lasilueta_vyloha_tkyosq.jpg","url":"https:\/\/www.ne-ko.cz\/wp-content\/uploads\/lasilueta_vyloha_tkyosq.jpg","height":0,"width":0},"url":"https:\/\/www.ne-ko.cz\/stay-pro-dlouhe-letni-dny\/","wordCount":447,"articleBody":"       L\u00e9to je kr\u00e1sn\u00e9 obdob\u00ed, kdy za\u017e\u00edv\u00e1me nejlep\u0161\u00ed z\u00e1\u017eitky a z\u00edsk\u00e1v\u00e1me nejd\u016fle\u017eit\u011bj\u0161\u00ed zku\u0161enosti. V l\u00e9t\u011b jezd\u00edme a\u0165 u\u017e sami nebo s rodinou \u010di nejbli\u017e\u0161\u00edmi p\u0159\u00e1teli do nov\u00fdch, pro n\u00e1s je\u0161t\u011b nezn\u00e1m\u00fdch krajin, kter\u00e9 nab\u00edz\u00ed je\u0161t\u011b nepoznan\u00e9. Ze z\u00e1\u017eitk\u016f, kter\u00e9 nasb\u00edr\u00e1me b\u011bhem letn\u00edch m\u011bs\u00edc\u016f \u010di pr\u00e1zdniny, \u010derp\u00e1me t\u0159eba i cel\u00fd \u017eivot. L\u00e9to se b\u011b\u017en\u011b spojuje s tepl\u00fdm po\u010das\u00edm, kter\u00e9 n\u00e1s v posledn\u00edch letech t\u00e9m\u011b\u0159 su\u017euje. D\u0159\u00edve bylo slunce n\u011bco jako p\u0159\u00e1tel, kter\u00fd h\u0159eje a jeho\u017e paprsky opaluj\u00ed k\u016f\u017ei do tmav\u011b hn\u011bd\u00e9 barvy.   V dob\u011b okolo poledne se v\u011bt\u0161ina lid\u00ed schovala a zase vych\u00e1zeli ze sv\u00fdch domov\u016f do vlah\u00e9ho podve\u010dera. Zvl\u00e1\u0161t\u011b v posledn\u00ed dob\u011b se ale slunce m\u011bn\u00ed v nep\u0159\u00edjemnou \u017ehnouc\u00ed kouli, kter\u00e1 p\u00e1l\u00ed od r\u00e1na do ve\u010dera. Vysu\u0161uje ka\u017edi\u010dkou kapi\u010dku vody, nejen p\u016fdu, kter\u00e1 se pod n\u00e1porem slune\u010dn\u00edch paprsk\u016f m\u011bn\u00ed v rozpraskan\u00fd k\u00e1men, ale tak\u00e9 i pot\u016f\u010dky, strouhy a tak\u00e9 lidi samotn\u00e9. V takov\u00e9mto po\u010das\u00ed v letn\u00edch m\u011bs\u00edc\u00edch, kdy slunce sv\u00edt\u00ed cel\u00fd den a nejp\u0159\u00edjemn\u011bj\u0161\u00edm osv\u011b\u017een\u00edm je podve\u010dern\u00ed lehk\u00fd v\u00e1nek, jsou nejobl\u00edben\u011bj\u0161\u00edm kouskem v d\u00e1msk\u00e9 sk\u0159\u00edni \u0161aty.  \u0160aty jsou velmi p\u0159\u00edjemn\u00fdm kouskem oble\u010den\u00ed nejen pro to, \u017ee v l\u00e9t\u011b dop\u0159\u00e1vaj\u00ed komfort b\u011bhem tepl\u00fdch dn\u00ed, ale tak\u00e9 d\u00edky tomu, \u017ee se jedn\u00e1 o kousek, kter\u00fd, pokud je spr\u00e1vn\u011b st\u0159i\u017een\u00fd a upraven\u00fd, zajist\u00ed cel\u00fd kompletn\u00ed outfit a p\u0159i pou\u017eit\u00ed spr\u00e1vn\u00fdch dopl\u0148k\u016f se jedn\u00e1 v\u017edy o oble\u010den\u00ed, kter\u00e9 nen\u00ed nudn\u00e9 a f\u00e1dn\u00ed. \u0160aty se v dne\u0161n\u00ed dob\u011b daj\u00ed sehnat ve st\u0159ihu pro v\u0161echny typy postav, ve v\u0161ech r\u016fzn\u00fdch barv\u00e1ch i ze v\u0161ech r\u016fzn\u00fdch mo\u017en\u00fdch materi\u00e1l\u016f. Dlouh\u00e9 letn\u00ed \u0161aty pro plno\u0161t\u00edhl\u00e9 najdete na internetov\u00e9m obchod\u011b La silueta. V jejich nab\u00eddce ov\u0161em najdete i jin\u00e9 kousky. Jde jen o to, jak\u00fd preferujete styl. Pr\u00e1v\u011b styl je rozhoduj\u00edc\u00ed, proto\u017ee nap\u0159\u00edklad le\u017e\u00e9rnost m\u016f\u017ee sed\u011bt jednomu, ov\u0161em druh\u00fd v tom sam\u00e9m oble\u010den\u00ed vypad\u00e1 naprosto neupraven\u011b a nep\u011bkn\u011b. Proto je d\u016fle\u017eit\u00e9 naj\u00edt sv\u016fj vlastn\u00ed styl, ve kter\u00e9 se budete c\u00edtit pohodln\u011b a neodolateln\u011b.                                                                                                                                                                                                                                                                                                                                                                                          4\/5 - (11 votes)        "},{"@context":"https:\/\/schema.org\/","@type":"BreadcrumbList","itemListElement":[{"@type":"ListItem","position":1,"name":"\u0160tay pro dlouh\u00e9 letn\u00ed dny","item":"https:\/\/www.ne-ko.cz\/stay-pro-dlouhe-letni-dny\/#breadcrumbitem"}]}]