[{"@context":"https:\/\/schema.org\/","@type":"Article","@id":"https:\/\/www.ne-ko.cz\/spojeni-vytvarneho-umeni-a-vazne-hudby\/#Article","mainEntityOfPage":"https:\/\/www.ne-ko.cz\/spojeni-vytvarneho-umeni-a-vazne-hudby\/","headline":"Spojen\u00ed v\u00fdtvarn\u00e9ho um\u011bn\u00ed a v\u00e1\u017en\u00e9 hudby","name":"Spojen\u00ed v\u00fdtvarn\u00e9ho um\u011bn\u00ed a v\u00e1\u017en\u00e9 hudby","description":"&#13; S n\u00e1padem pok\u0159t\u00edt nov\u00e9 CD zn\u00e1m\u00e9ho opern\u00edho p\u011bvce, b\u011bhem p\u0159ipravovan\u00e9 vernis\u00e1\u017ee obraz\u016f v z\u00e1meck\u00e9 galerii, p\u0159i\u0161el jako prvn\u00ed kur\u00e1tor...","datePublished":"2020-10-02","dateModified":"2023-06-02","author":{"@type":"Person","@id":"https:\/\/www.ne-ko.cz\/author\/#Person","name":"","url":"https:\/\/www.ne-ko.cz\/author\/","identifier":1,"image":{"@type":"ImageObject","@id":"https:\/\/secure.gravatar.com\/avatar\/93f351f97d5e20a41105810347d62b8b573eebe9313df1f71432877ed17f5f1a?s=96&d=mm&r=g","url":"https:\/\/secure.gravatar.com\/avatar\/93f351f97d5e20a41105810347d62b8b573eebe9313df1f71432877ed17f5f1a?s=96&d=mm&r=g","height":96,"width":96}},"publisher":{"@type":"Organization","name":"ne-ko.cz","logo":{"@type":"ImageObject","@id":"\/logo.png","url":"\/logo.png","width":600,"height":60}},"url":"https:\/\/www.ne-ko.cz\/spojeni-vytvarneho-umeni-a-vazne-hudby\/","about":["\u017divotn\u00ed styl"],"wordCount":413,"articleBody":"&#13; S n\u00e1padem pok\u0159t\u00edt nov\u00e9 CD zn\u00e1m\u00e9ho opern\u00edho p\u011bvce, b\u011bhem p\u0159ipravovan\u00e9 vernis\u00e1\u017ee obraz\u016f v z\u00e1meck\u00e9 galerii, p\u0159i\u0161el jako prvn\u00ed kur\u00e1tor v\u00fdstavy. P\u0159edstava spojen\u00ed \u017eiv\u011b p\u0159ednesen\u00fdch opern\u00edch \u00e1ri\u00ed z nov\u00e9ho CD a vystaven\u00fdch obraz\u016f star\u00fdch mistr\u016f, dokonale spl\u0148ovala p\u0159edstavu o siln\u00e9m um\u011bleck\u00e9m pro\u017eitku v\u0161ech pozvan\u00fdch. Vernis\u00e1\u017e byla zah\u00e1jena prohl\u00eddkou obraz\u016f. Kouzlo maleb mal\u00ed\u0159\u016f osmn\u00e1ct\u00e9ho stolet\u00ed d\u00fdchlo svoji romantikou.&#13; Zdobn\u00e9 r\u00e1my umocnily atmosf\u00e9ru d\u00e1vn\u00fdch \u010das\u016f. Tlumenou barevnost obraz\u016f dokonale podtrhlo osv\u011btlen\u00ed, um\u00edst\u011bn\u00e9 nad ka\u017ed\u00fdm d\u00edlem. Okouzlen\u00ed n\u00e1v\u0161t\u011bvn\u00edci si \u0161eptem sd\u011blovali sv\u00e9 dojmy. Z posledn\u00edho v\u00fdstavn\u00edho s\u00e1lu se po p\u016flhodinov\u00e9 prohl\u00eddce ozvaly tlumen\u00e9 t\u00f3ny z CD, kter\u00e9 \u010dekalo na sv\u016fj k\u0159est. Za\u010dala druh\u00e1 \u010d\u00e1st vernis\u00e1\u017ee.&#13; &#13; &#13; &#13; Umocn\u00ed um\u011bleck\u00fd z\u00e1\u017eitek&#13; &#13; Role kmotra se ujal renomovan\u00fd recit\u00e1tor, kter\u00fd provedl nejen k\u0159est nov\u00e9ho CD, ale p\u0159ednesl n\u011bkolik duchovn\u011b lad\u011bn\u00fdch pas\u00e1\u017e\u00ed. Poda\u0159ilo se mu nejen skloubit vystoupen\u00ed opern\u00edho p\u011bvce s obrazy star\u00fdch mistr\u016f na pozad\u00ed, ale i vytvo\u0159it nesm\u00edrn\u011b p\u0159\u00edjemnou atmosf\u00e9ru. Za klav\u00edrn\u00edho doprovodu tu zazn\u011blo p\u011bt uk\u00e1zek z nov\u00e9ho CD. Ztichl\u00fdmi s\u00e1ly galerie zazn\u011bly \u00e1rie \u010desk\u00fdch hudebn\u00edch velik\u00e1n\u016f v naprosto nov\u00e9m proveden\u00ed. Hlubok\u00fd baryton opern\u00edho p\u011bvce sezn\u00e1mil v\u0161echny hosty i s m\u00e9n\u011b zn\u00e1m\u00fdmi skladbami.&#13; Samotn\u00fd k\u0159est nov\u00e9ho CD prob\u011bhl a\u017e na z\u00e1v\u011br ve\u010dera. A i ten byl docela nev\u0161edn\u00ed. Nov\u00e9 CD se neskr\u00e1p\u011blo \u0161ampa\u0148sk\u00fdm, jak b\u00fdv\u00e1 p\u0159i k\u0159tu zvykem, ale na zv\u011bt\u0161eninu jeho obalu se podepsali v\u0161ichni p\u0159\u00edtomn\u00ed host\u00e9. A podpis doplnili krati\u010dk\u00fdmi vzkazy a pozdravy. N\u00e1sledoval p\u0159\u00edpitek, kter\u00fdm bylo nov\u00e9mu CD pop\u0159\u00e1no dlouh\u00e9ho trv\u00e1n\u00ed a hodn\u011b nad\u0161en\u00fdch poslucha\u010d\u016f.&#13; Kdy\u017e se u\u017e za \u0161era za\u010dali host\u00e9 rozch\u00e1zet do sv\u00fdch domov\u016f, v\u0161ichni si odn\u00e1\u0161eli kr\u00e1snou vzpom\u00ednku na p\u0159\u00edjemn\u011b pro\u017eit\u00fd ve\u010der. Ve spole\u010dnosti n\u00e1dhern\u00e9 hudby a kouzeln\u00fdch star\u00fdch maleb. Co v\u00edce si pro pot\u011bchu du\u0161e p\u0159\u00e1t?                                                                                                                                                                                                                                                                                                                                                                                        4\/5 - (8 votes)        "},{"@context":"https:\/\/schema.org\/","@type":"BreadcrumbList","itemListElement":[{"@type":"ListItem","position":1,"name":"Spojen\u00ed v\u00fdtvarn\u00e9ho um\u011bn\u00ed a v\u00e1\u017en\u00e9 hudby","item":"https:\/\/www.ne-ko.cz\/spojeni-vytvarneho-umeni-a-vazne-hudby\/#breadcrumbitem"}]}]