{"@context":"https:\/\/schema.org\/","@type":"CollectionPage","@id":"https:\/\/www.ne-ko.cz\/produkty\/#CollectionPage","headline":"Produkty Category","description":"","url":"https:\/\/www.ne-ko.cz\/produkty\/","hasPart":[{"@type":"Article","@id":"https:\/\/www.ne-ko.cz\/funkcni-obleceni\/","headline":"Funk\u010dn\u00ed oble\u010den\u00ed","url":"https:\/\/www.ne-ko.cz\/funkcni-obleceni\/","datePublished":"2021-12-26","dateModified":"2023-06-02","mainEntityOfPage":"https:\/\/www.ne-ko.cz\/funkcni-obleceni\/","author":{"@type":"Person","@id":"https:\/\/www.ne-ko.cz\/author\/#Person","name":"","url":"https:\/\/www.ne-ko.cz\/author\/","identifier":1,"image":{"@type":"ImageObject","@id":"https:\/\/secure.gravatar.com\/avatar\/93f351f97d5e20a41105810347d62b8b573eebe9313df1f71432877ed17f5f1a?s=96&d=mm&r=g","url":"https:\/\/secure.gravatar.com\/avatar\/93f351f97d5e20a41105810347d62b8b573eebe9313df1f71432877ed17f5f1a?s=96&d=mm&r=g","height":96,"width":96}},"publisher":{"@type":"Organization","name":"ne-ko.cz","logo":{"@type":"ImageObject","@id":"\/logo.png","url":"\/logo.png","width":600,"height":60}},"image":{"@type":"ImageObject","@id":"https:\/\/www.ne-ko.cz\/wp-content\/uploads\/rain-gceae66038_640.jpg","url":"https:\/\/www.ne-ko.cz\/wp-content\/uploads\/rain-gceae66038_640.jpg","height":0,"width":0},"keywords":null},{"@type":"Article","@id":"https:\/\/www.ne-ko.cz\/atypicke-schody\/","headline":"Atypick\u00e9 schody","url":"https:\/\/www.ne-ko.cz\/atypicke-schody\/","datePublished":"2021-11-04","dateModified":"2023-06-27","mainEntityOfPage":"https:\/\/www.ne-ko.cz\/atypicke-schody\/","author":{"@type":"Person","@id":"https:\/\/www.ne-ko.cz\/author\/#Person","name":"","url":"https:\/\/www.ne-ko.cz\/author\/","identifier":1,"image":{"@type":"ImageObject","@id":"https:\/\/secure.gravatar.com\/avatar\/93f351f97d5e20a41105810347d62b8b573eebe9313df1f71432877ed17f5f1a?s=96&d=mm&r=g","url":"https:\/\/secure.gravatar.com\/avatar\/93f351f97d5e20a41105810347d62b8b573eebe9313df1f71432877ed17f5f1a?s=96&d=mm&r=g","height":96,"width":96}},"publisher":{"@type":"Organization","name":"ne-ko.cz","logo":{"@type":"ImageObject","@id":"\/logo.png","url":"\/logo.png","width":600,"height":60}},"image":{"@type":"ImageObject","@id":"https:\/\/www.ne-ko.cz\/wp-content\/uploads\/to%C4%8Dit%C3%A9%20schody_6.jpg","url":"https:\/\/www.ne-ko.cz\/wp-content\/uploads\/to%C4%8Dit%C3%A9%20schody_6.jpg","height":0,"width":0},"keywords":null},{"@type":"Article","@id":"https:\/\/www.ne-ko.cz\/panske-drevene-hodinky\/","headline":"P\u00e1nsk\u00e9 d\u0159ev\u011bn\u00e9 hodinky","url":"https:\/\/www.ne-ko.cz\/panske-drevene-hodinky\/","datePublished":"2021-10-30","dateModified":"2023-06-02","mainEntityOfPage":"https:\/\/www.ne-ko.cz\/panske-drevene-hodinky\/","author":{"@type":"Person","@id":"https:\/\/www.ne-ko.cz\/author\/#Person","name":"","url":"https:\/\/www.ne-ko.cz\/author\/","identifier":1,"image":{"@type":"ImageObject","@id":"https:\/\/secure.gravatar.com\/avatar\/93f351f97d5e20a41105810347d62b8b573eebe9313df1f71432877ed17f5f1a?s=96&d=mm&r=g","url":"https:\/\/secure.gravatar.com\/avatar\/93f351f97d5e20a41105810347d62b8b573eebe9313df1f71432877ed17f5f1a?s=96&d=mm&r=g","height":96,"width":96}},"publisher":{"@type":"Organization","name":"ne-ko.cz","logo":{"@type":"ImageObject","@id":"\/logo.png","url":"\/logo.png","width":600,"height":60}},"image":{"@type":"ImageObject","@id":"https:\/\/www.ne-ko.cz\/wp-content\/uploads\/hodinky%20ze%20d%C5%99eva%20d%C3%ADlna.jpg","url":"https:\/\/www.ne-ko.cz\/wp-content\/uploads\/hodinky%20ze%20d%C5%99eva%20d%C3%ADlna.jpg","height":0,"width":0},"keywords":null},{"@type":"Article","@id":"https:\/\/www.ne-ko.cz\/vyroba-der-vrtanim\/","headline":"V\u00fdroba d\u011br vrt\u00e1n\u00edm","url":"https:\/\/www.ne-ko.cz\/vyroba-der-vrtanim\/","datePublished":"2021-10-16","dateModified":"2023-06-02","mainEntityOfPage":"https:\/\/www.ne-ko.cz\/vyroba-der-vrtanim\/","author":{"@type":"Person","@id":"https:\/\/www.ne-ko.cz\/author\/#Person","name":"","url":"https:\/\/www.ne-ko.cz\/author\/","identifier":1,"image":{"@type":"ImageObject","@id":"https:\/\/secure.gravatar.com\/avatar\/93f351f97d5e20a41105810347d62b8b573eebe9313df1f71432877ed17f5f1a?s=96&d=mm&r=g","url":"https:\/\/secure.gravatar.com\/avatar\/93f351f97d5e20a41105810347d62b8b573eebe9313df1f71432877ed17f5f1a?s=96&d=mm&r=g","height":96,"width":96}},"publisher":{"@type":"Organization","name":"ne-ko.cz","logo":{"@type":"ImageObject","@id":"\/logo.png","url":"\/logo.png","width":600,"height":60}},"image":{"@type":"ImageObject","@id":"https:\/\/www.ne-ko.cz\/wp-content\/uploads\/wooden-board-1337250_960_720.jpg","url":"https:\/\/www.ne-ko.cz\/wp-content\/uploads\/wooden-board-1337250_960_720.jpg","height":0,"width":0},"keywords":null},{"@type":"Article","@id":"https:\/\/www.ne-ko.cz\/jak-se-aplikuji-tekute-tapety-a-kam-se-hodi-nejvice-vybrat-si-muzete-z-rady-barevnych-kombinaci\/","headline":"Jak se aplikuj\u00ed tekut\u00e9 tapety a kam se hod\u00ed nejv\u00edce? Vybrat si m\u016f\u017eete z \u0159ady barevn\u00fdch kombinac\u00ed!","url":"https:\/\/www.ne-ko.cz\/jak-se-aplikuji-tekute-tapety-a-kam-se-hodi-nejvice-vybrat-si-muzete-z-rady-barevnych-kombinaci\/","datePublished":"2021-08-11","dateModified":"2023-06-02","mainEntityOfPage":"https:\/\/www.ne-ko.cz\/jak-se-aplikuji-tekute-tapety-a-kam-se-hodi-nejvice-vybrat-si-muzete-z-rady-barevnych-kombinaci\/","author":{"@type":"Person","@id":"https:\/\/www.ne-ko.cz\/author\/#Person","name":"","url":"https:\/\/www.ne-ko.cz\/author\/","identifier":1,"image":{"@type":"ImageObject","@id":"https:\/\/secure.gravatar.com\/avatar\/93f351f97d5e20a41105810347d62b8b573eebe9313df1f71432877ed17f5f1a?s=96&d=mm&r=g","url":"https:\/\/secure.gravatar.com\/avatar\/93f351f97d5e20a41105810347d62b8b573eebe9313df1f71432877ed17f5f1a?s=96&d=mm&r=g","height":96,"width":96}},"publisher":{"@type":"Organization","name":"ne-ko.cz","logo":{"@type":"ImageObject","@id":"\/logo.png","url":"\/logo.png","width":600,"height":60}},"image":{"@type":"ImageObject","@id":"https:\/\/www.ne-ko.cz\/wp-content\/uploads\/pexels-photo-354939.jpeg","url":"https:\/\/www.ne-ko.cz\/wp-content\/uploads\/pexels-photo-354939.jpeg","height":0,"width":0},"keywords":null},{"@type":"Article","@id":"https:\/\/www.ne-ko.cz\/muze-napriklad-povleceni-masinka-tomas-pomoci-detem-chodit-spat\/","headline":"M\u016f\u017ee nap\u0159\u00edklad povle\u010den\u00ed Ma\u0161inka Tom\u00e1\u0161 pomoci d\u011btem chodit sp\u00e1t?","url":"https:\/\/www.ne-ko.cz\/muze-napriklad-povleceni-masinka-tomas-pomoci-detem-chodit-spat\/","datePublished":"2021-06-23","dateModified":"2024-07-07","mainEntityOfPage":"https:\/\/www.ne-ko.cz\/muze-napriklad-povleceni-masinka-tomas-pomoci-detem-chodit-spat\/","author":{"@type":"Person","@id":"https:\/\/www.ne-ko.cz\/author\/#Person","name":"","url":"https:\/\/www.ne-ko.cz\/author\/","identifier":1,"image":{"@type":"ImageObject","@id":"https:\/\/secure.gravatar.com\/avatar\/93f351f97d5e20a41105810347d62b8b573eebe9313df1f71432877ed17f5f1a?s=96&d=mm&r=g","url":"https:\/\/secure.gravatar.com\/avatar\/93f351f97d5e20a41105810347d62b8b573eebe9313df1f71432877ed17f5f1a?s=96&d=mm&r=g","height":96,"width":96}},"publisher":{"@type":"Organization","name":"ne-ko.cz","logo":{"@type":"ImageObject","@id":"\/logo.png","url":"\/logo.png","width":600,"height":60}},"image":{"@type":"ImageObject","@id":"https:\/\/www.ne-ko.cz\/wp-content\/uploads\/povleceni1_2.jpg","url":"https:\/\/www.ne-ko.cz\/wp-content\/uploads\/povleceni1_2.jpg","height":0,"width":0},"keywords":null},{"@type":"Article","@id":"https:\/\/www.ne-ko.cz\/proc-je-madarske-koreni-tak-kvalitni\/","headline":"Pro\u010d je ma\u010farsk\u00e9 ko\u0159en\u00ed tak kvalitn\u00ed","url":"https:\/\/www.ne-ko.cz\/proc-je-madarske-koreni-tak-kvalitni\/","datePublished":"2021-06-20","dateModified":"2023-09-13","mainEntityOfPage":"https:\/\/www.ne-ko.cz\/proc-je-madarske-koreni-tak-kvalitni\/","author":{"@type":"Person","@id":"https:\/\/www.ne-ko.cz\/author\/#Person","name":"","url":"https:\/\/www.ne-ko.cz\/author\/","identifier":1,"image":{"@type":"ImageObject","@id":"https:\/\/secure.gravatar.com\/avatar\/93f351f97d5e20a41105810347d62b8b573eebe9313df1f71432877ed17f5f1a?s=96&d=mm&r=g","url":"https:\/\/secure.gravatar.com\/avatar\/93f351f97d5e20a41105810347d62b8b573eebe9313df1f71432877ed17f5f1a?s=96&d=mm&r=g","height":96,"width":96}},"publisher":{"@type":"Organization","name":"ne-ko.cz","logo":{"@type":"ImageObject","@id":"\/logo.png","url":"\/logo.png","width":600,"height":60}},"image":{"@type":"ImageObject","@id":"https:\/\/www.ne-ko.cz\/wp-content\/uploads\/Vl%C4%8D%C3%AD%20m%C3%A1ky%20v%20Ma%C4%8Farsku.jpg","url":"https:\/\/www.ne-ko.cz\/wp-content\/uploads\/Vl%C4%8D%C3%AD%20m%C3%A1ky%20v%20Ma%C4%8Farsku.jpg","height":0,"width":0},"keywords":null},{"@type":"Article","@id":"https:\/\/www.ne-ko.cz\/zipove-sacky-maji-sve-misto-doma-i-na-cestach\/","headline":"Zipov\u00e9 s\u00e1\u010dky maj\u00ed sv\u00e9 m\u00edsto doma i na cest\u00e1ch","url":"https:\/\/www.ne-ko.cz\/zipove-sacky-maji-sve-misto-doma-i-na-cestach\/","datePublished":"2021-05-15","dateModified":"2021-05-15","mainEntityOfPage":"https:\/\/www.ne-ko.cz\/zipove-sacky-maji-sve-misto-doma-i-na-cestach\/","author":{"@type":"Person","@id":"https:\/\/www.ne-ko.cz\/author\/#Person","name":"","url":"https:\/\/www.ne-ko.cz\/author\/","identifier":1,"image":{"@type":"ImageObject","@id":"https:\/\/secure.gravatar.com\/avatar\/93f351f97d5e20a41105810347d62b8b573eebe9313df1f71432877ed17f5f1a?s=96&d=mm&r=g","url":"https:\/\/secure.gravatar.com\/avatar\/93f351f97d5e20a41105810347d62b8b573eebe9313df1f71432877ed17f5f1a?s=96&d=mm&r=g","height":96,"width":96}},"publisher":{"@type":"Organization","name":"ne-ko.cz","logo":{"@type":"ImageObject","@id":"\/logo.png","url":"\/logo.png","width":600,"height":60}},"image":{"@type":"ImageObject","@id":"https:\/\/www.ne-ko.cz\/wp-content\/uploads\/lu%C5%A1t%C4%9Bniny%20v%20pyytli.jpg","url":"https:\/\/www.ne-ko.cz\/wp-content\/uploads\/lu%C5%A1t%C4%9Bniny%20v%20pyytli.jpg","height":0,"width":0},"keywords":null},{"@type":"Article","@id":"https:\/\/www.ne-ko.cz\/pripravky-na-podporu-erekce\/","headline":"P\u0159\u00edpravky na podporu erekce","url":"https:\/\/www.ne-ko.cz\/pripravky-na-podporu-erekce\/","datePublished":"2021-01-16","dateModified":"2023-06-02","mainEntityOfPage":"https:\/\/www.ne-ko.cz\/pripravky-na-podporu-erekce\/","author":{"@type":"Person","@id":"https:\/\/www.ne-ko.cz\/author\/#Person","name":"","url":"https:\/\/www.ne-ko.cz\/author\/","identifier":1,"image":{"@type":"ImageObject","@id":"https:\/\/secure.gravatar.com\/avatar\/93f351f97d5e20a41105810347d62b8b573eebe9313df1f71432877ed17f5f1a?s=96&d=mm&r=g","url":"https:\/\/secure.gravatar.com\/avatar\/93f351f97d5e20a41105810347d62b8b573eebe9313df1f71432877ed17f5f1a?s=96&d=mm&r=g","height":96,"width":96}},"publisher":{"@type":"Organization","name":"ne-ko.cz","logo":{"@type":"ImageObject","@id":"\/logo.png","url":"\/logo.png","width":600,"height":60}},"image":{"@type":"ImageObject","@id":"https:\/\/www.ne-ko.cz\/wp-content\/uploads\/postel%20pol%C5%A1t%C3%A1%C5%99_1.jpeg","url":"https:\/\/www.ne-ko.cz\/wp-content\/uploads\/postel%20pol%C5%A1t%C3%A1%C5%99_1.jpeg","height":0,"width":0},"keywords":null},{"@type":"Article","@id":"https:\/\/www.ne-ko.cz\/mejte-doma-i-v-lete-lepsi-vzduch\/","headline":"M\u011bjte doma i v l\u00e9t\u011b lep\u0161\u00ed vzduch","url":"https:\/\/www.ne-ko.cz\/mejte-doma-i-v-lete-lepsi-vzduch\/","datePublished":"2020-09-09","dateModified":"2020-09-09","mainEntityOfPage":"https:\/\/www.ne-ko.cz\/mejte-doma-i-v-lete-lepsi-vzduch\/","author":{"@type":"Person","@id":"https:\/\/www.ne-ko.cz\/author\/#Person","name":"","url":"https:\/\/www.ne-ko.cz\/author\/","identifier":1,"image":{"@type":"ImageObject","@id":"https:\/\/secure.gravatar.com\/avatar\/93f351f97d5e20a41105810347d62b8b573eebe9313df1f71432877ed17f5f1a?s=96&d=mm&r=g","url":"https:\/\/secure.gravatar.com\/avatar\/93f351f97d5e20a41105810347d62b8b573eebe9313df1f71432877ed17f5f1a?s=96&d=mm&r=g","height":96,"width":96}},"publisher":{"@type":"Organization","name":"ne-ko.cz","logo":{"@type":"ImageObject","@id":"\/logo.png","url":"\/logo.png","width":600,"height":60}},"image":{"@type":"ImageObject","@id":"https:\/\/www.ne-ko.cz\/wp-content\/uploads\/Klimatizovan%C3%A1%20v%C4%9B%C5%BE%C3%A1k.jpg","url":"https:\/\/www.ne-ko.cz\/wp-content\/uploads\/Klimatizovan%C3%A1%20v%C4%9B%C5%BE%C3%A1k.jpg","height":0,"width":0},"keywords":null}]}