[{"@context":"https:\/\/schema.org\/","@type":"Article","@id":"https:\/\/www.ne-ko.cz\/proc-radeji-skrin-na-miru-nez-klasicky-nabytek\/#Article","mainEntityOfPage":"https:\/\/www.ne-ko.cz\/proc-radeji-skrin-na-miru-nez-klasicky-nabytek\/","headline":"Pro\u010d rad\u011bji sk\u0159\u00ed\u0148 na m\u00edru, ne\u017e klasick\u00fd n\u00e1bytek","name":"Pro\u010d rad\u011bji sk\u0159\u00ed\u0148 na m\u00edru, ne\u017e klasick\u00fd n\u00e1bytek","description":"Otev\u00edr\u00e1 se jinak \u2013 kdy\u017e nahl\u00e9dnete do katalog\u016f n\u00e1bytku mnoha prodejc\u016f a zam\u011b\u0159\u00edte se na \u0161atn\u00ed sk\u0159\u00edn\u011b, mnoho z nich...","datePublished":"2022-11-13","dateModified":"2022-11-13","author":{"@type":"Person","@id":"https:\/\/www.ne-ko.cz\/author\/#Person","name":"","url":"https:\/\/www.ne-ko.cz\/author\/","identifier":1,"image":{"@type":"ImageObject","@id":"https:\/\/secure.gravatar.com\/avatar\/93f351f97d5e20a41105810347d62b8b573eebe9313df1f71432877ed17f5f1a?s=96&d=mm&r=g","url":"https:\/\/secure.gravatar.com\/avatar\/93f351f97d5e20a41105810347d62b8b573eebe9313df1f71432877ed17f5f1a?s=96&d=mm&r=g","height":96,"width":96}},"publisher":{"@type":"Organization","name":"ne-ko.cz","logo":{"@type":"ImageObject","@id":"\/logo.png","url":"\/logo.png","width":600,"height":60}},"image":{"@type":"ImageObject","@id":"https:\/\/www.ne-ko.cz\/wp-content\/uploads\/dresses-g400e30146_640.jpg","url":"https:\/\/www.ne-ko.cz\/wp-content\/uploads\/dresses-g400e30146_640.jpg","height":0,"width":0},"url":"https:\/\/www.ne-ko.cz\/proc-radeji-skrin-na-miru-nez-klasicky-nabytek\/","about":["Business"],"wordCount":418,"articleBody":"        Otev\u00edr\u00e1 se jinak \u2013 kdy\u017e nahl\u00e9dnete do katalog\u016f n\u00e1bytku mnoha prodejc\u016f a zam\u011b\u0159\u00edte se na \u0161atn\u00ed sk\u0159\u00edn\u011b, mnoho z nich je opat\u0159eno k\u0159\u00eddlov\u00fdmi dve\u0159mi. Toto \u0159e\u0161en\u00ed je v\u0161ak krajn\u011b nepraktick\u00e9 zejm\u00e9na ze dvou d\u016fvod\u016f. Za prv\u00e9 se dve\u0159n\u00ed panty vlivem v\u00e1hy dve\u0159\u00ed \u010dasem sesedaj\u00ed a dve\u0159e se mohou navz\u00e1jem zk\u0159\u00ed\u017eit. Vy\u017eaduje to ob\u010dasn\u00e9 kontroly a se\u0159izov\u00e1n\u00ed dve\u0159\u00ed, co\u017e je samoz\u0159ejm\u011b otravn\u00e9, p\u0159i\u010dem\u017e n\u011bkdy u\u017e nejdou panty p\u0159\u00edli\u0161 se\u0159izovat kv\u016fli opot\u0159ebovan\u00fdm sou\u010d\u00e1stk\u00e1m. A za druh\u00e9 dve\u0159e otev\u0159en\u00e9 sm\u011brem ven mohou p\u0159ek\u00e1\u017eet p\u0159i ch\u016fzi kolem anebo p\u0159i ukl\u00e1d\u00e1n\u00ed p\u0159edm\u011bt\u016f do sk\u0159\u00edn\u011b. U vestav\u011bn\u00fdch sk\u0159\u00edn\u00ed jsou k dispozici dve\u0159e posuvn\u00e9, tento syst\u00e9m je bez\u00fadr\u017ebov\u00fd a z\u00e1rove\u0148 se dve\u0159e otev\u0159ou v\u017edy do strany, tak\u017ee do okoln\u00edho prostoru v\u016fbec nezasahuj\u00ed.Nezat\u011b\u017eujete se mont\u00e1\u017e\u00ed \u2013 prodej sk\u0159\u00edn\u00ed na m\u00edru prob\u00edh\u00e1 i s mont\u00e1\u017e\u00ed, je zcela samoz\u0159ejm\u00e9, \u017ee v\u00e1m firma sk\u0159\u00ed\u0148 nejen sestav\u00ed, ale i p\u0159edvede posun posuvn\u00fdch dve\u0159\u00ed a jednotliv\u00e9 vnit\u0159n\u00ed uspo\u0159\u00e1d\u00e1n\u00ed podle va\u0161eho n\u00e1vrhu. M\u00e1te tedy k dispozici n\u00e1bytek v celistv\u00e9 podob\u011b a ne\u0159e\u0161\u00edte jeho sestavov\u00e1n\u00ed, co\u017e b\u00fdv\u00e1 bohu\u017eel u n\u00e1bytku zakoupen\u00e9ho v b\u011b\u017en\u00fdch n\u00e1bytk\u00e1\u0159sk\u00fdch obchodech. Tam si mus\u00edte poradit sami, a to bu\u010f sk\u0159\u00edn\u011b sestavit sv\u00e9pomoc\u00ed, nebo si na to sjednat nap\u0159. hodinov\u00e9ho man\u017eela nebo st\u011bhovac\u00ed firmu.Vyu\u017eit\u00fd prostor \u2013 v\u00fdrobci vestaveb na m\u00edru po\u010d\u00edtaj\u00ed s t\u00edm, \u017ee p\u016fjde o n\u00e1vrh \u0159e\u0161en\u00ed, kdy se vyu\u017e\u00edv\u00e1 do maxima \u00falo\u017en\u00fd prostor tak, \u017ee se vypln\u00ed od podlahy a\u017e ke stropu. Nen\u00ed pak nutn\u00e9 \u0159e\u0161it, co s \u201ehluch\u00fdm m\u00edstem\u201c nad sk\u0159\u00edn\u00ed, kter\u00e9 velmi \u010dasto vznik\u00e1 u \u0161atn\u00edch sk\u0159\u00edn\u00ed dva metry vysok\u00fdch, je\u017e stoj\u00ed v m\u00edstnosti s dva a p\u016fl metru vysok\u00fdm stropem. Je zde pak p\u016fl metru pr\u00e1zdn\u00e9ho prostoru naprosto k ni\u010demu, kter\u00fd sice vypln\u00ed pokojov\u00e9 rostliny, ale ty mohou b\u00fdt um\u00edst\u011bn\u00e9 kdekoli jinde a p\u016fsobit jako dekorativn\u00ed v\u00fdzdoba efektivn\u011bji, ne\u017e vysoko nad sk\u0159\u00edn\u00ed, kde na n\u011b nen\u00ed po\u0159\u00e1dn\u011b vid\u011bt.                                                                                                                                                                                                                                                                                                                                                                                          4.3\/5 - (6 votes)        "},{"@context":"https:\/\/schema.org\/","@type":"BreadcrumbList","itemListElement":[{"@type":"ListItem","position":1,"name":"Pro\u010d rad\u011bji sk\u0159\u00ed\u0148 na m\u00edru, ne\u017e klasick\u00fd n\u00e1bytek","item":"https:\/\/www.ne-ko.cz\/proc-radeji-skrin-na-miru-nez-klasicky-nabytek\/#breadcrumbitem"}]}]