[{"@context":"https:\/\/schema.org\/","@type":"Blog","@id":"https:\/\/www.ne-ko.cz#Blog","headline":"Ne-ko","description":"\nI kdybyste ve sv\u00e9m\u00a0dosavadn\u00edm \u017eivot\u011b neu\u010dinili ani jedno jedin\u00e9 spr\u00e1vn\u00e9 rozhodnut\u00ed, v\u011b\u0159te, \u017ee s\u00e1zka na n\u00e1\u0161 web v\u00a0\u017e\u00e1dn\u00e9m p\u0159\u00edpad\u011b nebude chybou.","url":"https:\/\/www.ne-ko.cz","hasPart":[{"@type":"Article","@id":"https:\/\/www.ne-ko.cz\/detsky-second-hand-pro-vase-deti\/","headline":"D\u011btsk\u00fd second hand pro va\u0161e d\u011bti","url":"https:\/\/www.ne-ko.cz\/detsky-second-hand-pro-vase-deti\/","datePublished":"2025-03-18","dateModified":"2025-03-18","mainEntityOfPage":"https:\/\/www.ne-ko.cz\/detsky-second-hand-pro-vase-deti\/","author":{"@type":"Person","@id":"https:\/\/www.ne-ko.cz\/author\/#Person","name":"","url":"https:\/\/www.ne-ko.cz\/author\/","identifier":1,"image":{"@type":"ImageObject","@id":"https:\/\/secure.gravatar.com\/avatar\/93f351f97d5e20a41105810347d62b8b573eebe9313df1f71432877ed17f5f1a?s=96&d=mm&r=g","url":"https:\/\/secure.gravatar.com\/avatar\/93f351f97d5e20a41105810347d62b8b573eebe9313df1f71432877ed17f5f1a?s=96&d=mm&r=g","height":96,"width":96}},"publisher":{"@type":"Organization","name":"ne-ko.cz","logo":{"@type":"ImageObject","@id":"\/logo.png","url":"\/logo.png","width":600,"height":60}},"image":null,"wordCount":244,"keywords":null},{"@type":"Article","@id":"https:\/\/www.ne-ko.cz\/chorvatsko-dovolena\/","headline":"Chorvatsko dovolen\u00e1","url":"https:\/\/www.ne-ko.cz\/chorvatsko-dovolena\/","datePublished":"2025-03-09","dateModified":"2025-03-09","mainEntityOfPage":"https:\/\/www.ne-ko.cz\/chorvatsko-dovolena\/","author":{"@type":"Person","@id":"https:\/\/www.ne-ko.cz\/author\/#Person","name":"","url":"https:\/\/www.ne-ko.cz\/author\/","identifier":1,"image":{"@type":"ImageObject","@id":"https:\/\/secure.gravatar.com\/avatar\/93f351f97d5e20a41105810347d62b8b573eebe9313df1f71432877ed17f5f1a?s=96&d=mm&r=g","url":"https:\/\/secure.gravatar.com\/avatar\/93f351f97d5e20a41105810347d62b8b573eebe9313df1f71432877ed17f5f1a?s=96&d=mm&r=g","height":96,"width":96}},"publisher":{"@type":"Organization","name":"ne-ko.cz","logo":{"@type":"ImageObject","@id":"\/logo.png","url":"\/logo.png","width":600,"height":60}},"image":null,"wordCount":231,"keywords":null},{"@type":"Article","@id":"https:\/\/www.ne-ko.cz\/na-nas-je-spolehnuti\/","headline":"Na n\u00e1s je spolehnut\u00ed","url":"https:\/\/www.ne-ko.cz\/na-nas-je-spolehnuti\/","datePublished":"2025-03-01","dateModified":"2025-03-01","mainEntityOfPage":"https:\/\/www.ne-ko.cz\/na-nas-je-spolehnuti\/","author":{"@type":"Person","@id":"https:\/\/www.ne-ko.cz\/author\/#Person","name":"","url":"https:\/\/www.ne-ko.cz\/author\/","identifier":1,"image":{"@type":"ImageObject","@id":"https:\/\/secure.gravatar.com\/avatar\/93f351f97d5e20a41105810347d62b8b573eebe9313df1f71432877ed17f5f1a?s=96&d=mm&r=g","url":"https:\/\/secure.gravatar.com\/avatar\/93f351f97d5e20a41105810347d62b8b573eebe9313df1f71432877ed17f5f1a?s=96&d=mm&r=g","height":96,"width":96}},"publisher":{"@type":"Organization","name":"ne-ko.cz","logo":{"@type":"ImageObject","@id":"\/logo.png","url":"\/logo.png","width":600,"height":60}},"image":null,"wordCount":273,"keywords":null},{"@type":"Article","@id":"https:\/\/www.ne-ko.cz\/lozni-pradlo\/","headline":"Lo\u017en\u00ed pr\u00e1dlo","url":"https:\/\/www.ne-ko.cz\/lozni-pradlo\/","datePublished":"2025-02-23","dateModified":"2025-02-23","mainEntityOfPage":"https:\/\/www.ne-ko.cz\/lozni-pradlo\/","author":{"@type":"Person","@id":"https:\/\/www.ne-ko.cz\/author\/#Person","name":"","url":"https:\/\/www.ne-ko.cz\/author\/","identifier":1,"image":{"@type":"ImageObject","@id":"https:\/\/secure.gravatar.com\/avatar\/93f351f97d5e20a41105810347d62b8b573eebe9313df1f71432877ed17f5f1a?s=96&d=mm&r=g","url":"https:\/\/secure.gravatar.com\/avatar\/93f351f97d5e20a41105810347d62b8b573eebe9313df1f71432877ed17f5f1a?s=96&d=mm&r=g","height":96,"width":96}},"publisher":{"@type":"Organization","name":"ne-ko.cz","logo":{"@type":"ImageObject","@id":"\/logo.png","url":"\/logo.png","width":600,"height":60}},"image":null,"wordCount":205,"keywords":null},{"@type":"Article","@id":"https:\/\/www.ne-ko.cz\/zvladnete-to-i-vy\/","headline":"Zvl\u00e1dnete to i vy","url":"https:\/\/www.ne-ko.cz\/zvladnete-to-i-vy\/","datePublished":"2025-02-14","dateModified":"2025-02-14","mainEntityOfPage":"https:\/\/www.ne-ko.cz\/zvladnete-to-i-vy\/","author":{"@type":"Person","@id":"https:\/\/www.ne-ko.cz\/author\/#Person","name":"","url":"https:\/\/www.ne-ko.cz\/author\/","identifier":1,"image":{"@type":"ImageObject","@id":"https:\/\/secure.gravatar.com\/avatar\/93f351f97d5e20a41105810347d62b8b573eebe9313df1f71432877ed17f5f1a?s=96&d=mm&r=g","url":"https:\/\/secure.gravatar.com\/avatar\/93f351f97d5e20a41105810347d62b8b573eebe9313df1f71432877ed17f5f1a?s=96&d=mm&r=g","height":96,"width":96}},"publisher":{"@type":"Organization","name":"ne-ko.cz","logo":{"@type":"ImageObject","@id":"\/logo.png","url":"\/logo.png","width":600,"height":60}},"image":null,"wordCount":216,"keywords":null},{"@type":"Article","@id":"https:\/\/www.ne-ko.cz\/kde-se-muzeme-vykoupat\/","headline":"Kde se m\u016f\u017eeme vykoupat?","url":"https:\/\/www.ne-ko.cz\/kde-se-muzeme-vykoupat\/","datePublished":"2025-02-11","dateModified":"2025-02-11","mainEntityOfPage":"https:\/\/www.ne-ko.cz\/kde-se-muzeme-vykoupat\/","author":{"@type":"Person","@id":"https:\/\/www.ne-ko.cz\/author\/#Person","name":"","url":"https:\/\/www.ne-ko.cz\/author\/","identifier":1,"image":{"@type":"ImageObject","@id":"https:\/\/secure.gravatar.com\/avatar\/93f351f97d5e20a41105810347d62b8b573eebe9313df1f71432877ed17f5f1a?s=96&d=mm&r=g","url":"https:\/\/secure.gravatar.com\/avatar\/93f351f97d5e20a41105810347d62b8b573eebe9313df1f71432877ed17f5f1a?s=96&d=mm&r=g","height":96,"width":96}},"publisher":{"@type":"Organization","name":"ne-ko.cz","logo":{"@type":"ImageObject","@id":"\/logo.png","url":"\/logo.png","width":600,"height":60}},"image":{"@type":"ImageObject","@id":"https:\/\/www.ne-ko.cz\/wp-content\/uploads\/bbbbbbb_10_8.jpg","url":"https:\/\/www.ne-ko.cz\/wp-content\/uploads\/bbbbbbb_10_8.jpg","height":0,"width":0},"wordCount":642,"keywords":null},{"@type":"Article","@id":"https:\/\/www.ne-ko.cz\/co-je-ceske-to-je-hezke\/","headline":"Co je \u010desk\u00e9, to je hezk\u00e9","url":"https:\/\/www.ne-ko.cz\/co-je-ceske-to-je-hezke\/","datePublished":"2025-02-10","dateModified":"2025-02-10","mainEntityOfPage":"https:\/\/www.ne-ko.cz\/co-je-ceske-to-je-hezke\/","author":{"@type":"Person","@id":"https:\/\/www.ne-ko.cz\/author\/#Person","name":"","url":"https:\/\/www.ne-ko.cz\/author\/","identifier":1,"image":{"@type":"ImageObject","@id":"https:\/\/secure.gravatar.com\/avatar\/93f351f97d5e20a41105810347d62b8b573eebe9313df1f71432877ed17f5f1a?s=96&d=mm&r=g","url":"https:\/\/secure.gravatar.com\/avatar\/93f351f97d5e20a41105810347d62b8b573eebe9313df1f71432877ed17f5f1a?s=96&d=mm&r=g","height":96,"width":96}},"publisher":{"@type":"Organization","name":"ne-ko.cz","logo":{"@type":"ImageObject","@id":"\/logo.png","url":"\/logo.png","width":600,"height":60}},"image":null,"wordCount":244,"keywords":null},{"@type":"Article","@id":"https:\/\/www.ne-ko.cz\/pro-deti-to-nejlepsi\/","headline":"Pro d\u011bti to nejlep\u0161\u00ed","url":"https:\/\/www.ne-ko.cz\/pro-deti-to-nejlepsi\/","datePublished":"2025-02-05","dateModified":"2025-02-05","mainEntityOfPage":"https:\/\/www.ne-ko.cz\/pro-deti-to-nejlepsi\/","author":{"@type":"Person","@id":"https:\/\/www.ne-ko.cz\/author\/#Person","name":"","url":"https:\/\/www.ne-ko.cz\/author\/","identifier":1,"image":{"@type":"ImageObject","@id":"https:\/\/secure.gravatar.com\/avatar\/93f351f97d5e20a41105810347d62b8b573eebe9313df1f71432877ed17f5f1a?s=96&d=mm&r=g","url":"https:\/\/secure.gravatar.com\/avatar\/93f351f97d5e20a41105810347d62b8b573eebe9313df1f71432877ed17f5f1a?s=96&d=mm&r=g","height":96,"width":96}},"publisher":{"@type":"Organization","name":"ne-ko.cz","logo":{"@type":"ImageObject","@id":"\/logo.png","url":"\/logo.png","width":600,"height":60}},"image":null,"wordCount":218,"keywords":null},{"@type":"Article","@id":"https:\/\/www.ne-ko.cz\/vsimnete-si-co-maji-lide-ktere-mijite-na-ulici-spolecneho\/","headline":"V\u0161imn\u011bte si, co maj\u00ed lid\u00e9, kter\u00e9 m\u00edj\u00edte na ulici spole\u010dn\u00e9ho","url":"https:\/\/www.ne-ko.cz\/vsimnete-si-co-maji-lide-ktere-mijite-na-ulici-spolecneho\/","datePublished":"2025-01-28","dateModified":"2025-01-28","mainEntityOfPage":"https:\/\/www.ne-ko.cz\/vsimnete-si-co-maji-lide-ktere-mijite-na-ulici-spolecneho\/","author":{"@type":"Person","@id":"https:\/\/www.ne-ko.cz\/author\/#Person","name":"","url":"https:\/\/www.ne-ko.cz\/author\/","identifier":1,"image":{"@type":"ImageObject","@id":"https:\/\/secure.gravatar.com\/avatar\/93f351f97d5e20a41105810347d62b8b573eebe9313df1f71432877ed17f5f1a?s=96&d=mm&r=g","url":"https:\/\/secure.gravatar.com\/avatar\/93f351f97d5e20a41105810347d62b8b573eebe9313df1f71432877ed17f5f1a?s=96&d=mm&r=g","height":96,"width":96}},"publisher":{"@type":"Organization","name":"ne-ko.cz","logo":{"@type":"ImageObject","@id":"\/logo.png","url":"\/logo.png","width":600,"height":60}},"image":null,"wordCount":294,"keywords":null},{"@type":"Article","@id":"https:\/\/www.ne-ko.cz\/schneider-je-zaruka-spokojenosti\/","headline":"Schneider je z\u00e1ruka spokojenosti","url":"https:\/\/www.ne-ko.cz\/schneider-je-zaruka-spokojenosti\/","datePublished":"2025-01-21","dateModified":"2025-01-21","mainEntityOfPage":"https:\/\/www.ne-ko.cz\/schneider-je-zaruka-spokojenosti\/","author":{"@type":"Person","@id":"https:\/\/www.ne-ko.cz\/author\/#Person","name":"","url":"https:\/\/www.ne-ko.cz\/author\/","identifier":1,"image":{"@type":"ImageObject","@id":"https:\/\/secure.gravatar.com\/avatar\/93f351f97d5e20a41105810347d62b8b573eebe9313df1f71432877ed17f5f1a?s=96&d=mm&r=g","url":"https:\/\/secure.gravatar.com\/avatar\/93f351f97d5e20a41105810347d62b8b573eebe9313df1f71432877ed17f5f1a?s=96&d=mm&r=g","height":96,"width":96}},"publisher":{"@type":"Organization","name":"ne-ko.cz","logo":{"@type":"ImageObject","@id":"\/logo.png","url":"\/logo.png","width":600,"height":60}},"image":null,"wordCount":281,"keywords":null}]},{"@context":"https:\/\/schema.org","@type":"WebSite","@id":"https:\/\/www.ne-ko.cz\/#website","name":"Ne-ko","url":"https:\/\/www.ne-ko.cz","potentialAction":{"@type":"SearchAction","target":"https:\/\/www.ne-ko.cz\/?s={search_term_string}","query-input":"required name=search_term_string"}}]