[{"@context":"https:\/\/schema.org\/","@type":"Blog","@id":"https:\/\/www.ne-ko.cz#Blog","headline":"Ne-ko","description":"\nI kdybyste ve sv\u00e9m\u00a0dosavadn\u00edm \u017eivot\u011b neu\u010dinili ani jedno jedin\u00e9 spr\u00e1vn\u00e9 rozhodnut\u00ed, v\u011b\u0159te, \u017ee s\u00e1zka na n\u00e1\u0161 web v\u00a0\u017e\u00e1dn\u00e9m p\u0159\u00edpad\u011b nebude chybou.","url":"https:\/\/www.ne-ko.cz","hasPart":[{"@type":"Article","@id":"https:\/\/www.ne-ko.cz\/prace-pro-kazdeho\/","headline":"Pr\u00e1ce pro ka\u017ed\u00e9ho","url":"https:\/\/www.ne-ko.cz\/prace-pro-kazdeho\/","datePublished":"2020-12-27","dateModified":"2023-06-02","mainEntityOfPage":"https:\/\/www.ne-ko.cz\/prace-pro-kazdeho\/","author":{"@type":"Person","@id":"https:\/\/www.ne-ko.cz\/author\/#Person","name":"","url":"https:\/\/www.ne-ko.cz\/author\/","identifier":1,"image":{"@type":"ImageObject","@id":"https:\/\/secure.gravatar.com\/avatar\/93f351f97d5e20a41105810347d62b8b573eebe9313df1f71432877ed17f5f1a?s=96&d=mm&r=g","url":"https:\/\/secure.gravatar.com\/avatar\/93f351f97d5e20a41105810347d62b8b573eebe9313df1f71432877ed17f5f1a?s=96&d=mm&r=g","height":96,"width":96}},"publisher":{"@type":"Organization","name":"ne-ko.cz","logo":{"@type":"ImageObject","@id":"\/logo.png","url":"\/logo.png","width":600,"height":60}},"image":{"@type":"ImageObject","@id":"https:\/\/www.ne-ko.cz\/wp-content\/uploads\/pracovn%C3%AD%20m%C3%ADsto_1.jpg","url":"https:\/\/www.ne-ko.cz\/wp-content\/uploads\/pracovn%C3%AD%20m%C3%ADsto_1.jpg","height":0,"width":0},"wordCount":558,"keywords":null},{"@type":"Article","@id":"https:\/\/www.ne-ko.cz\/spojeni-vytvarneho-umeni-a-vazne-hudby\/","headline":"Spojen\u00ed v\u00fdtvarn\u00e9ho um\u011bn\u00ed a v\u00e1\u017en\u00e9 hudby","url":"https:\/\/www.ne-ko.cz\/spojeni-vytvarneho-umeni-a-vazne-hudby\/","datePublished":"2020-10-02","dateModified":"2023-06-02","mainEntityOfPage":"https:\/\/www.ne-ko.cz\/spojeni-vytvarneho-umeni-a-vazne-hudby\/","author":{"@type":"Person","@id":"https:\/\/www.ne-ko.cz\/author\/#Person","name":"","url":"https:\/\/www.ne-ko.cz\/author\/","identifier":1,"image":{"@type":"ImageObject","@id":"https:\/\/secure.gravatar.com\/avatar\/93f351f97d5e20a41105810347d62b8b573eebe9313df1f71432877ed17f5f1a?s=96&d=mm&r=g","url":"https:\/\/secure.gravatar.com\/avatar\/93f351f97d5e20a41105810347d62b8b573eebe9313df1f71432877ed17f5f1a?s=96&d=mm&r=g","height":96,"width":96}},"publisher":{"@type":"Organization","name":"ne-ko.cz","logo":{"@type":"ImageObject","@id":"\/logo.png","url":"\/logo.png","width":600,"height":60}},"image":null,"wordCount":425,"keywords":null},{"@type":"Article","@id":"https:\/\/www.ne-ko.cz\/romeo-julie-a-kancelar\/","headline":"Romeo, Julie a kancel\u00e1\u0159","url":"https:\/\/www.ne-ko.cz\/romeo-julie-a-kancelar\/","datePublished":"2020-09-27","dateModified":"2023-06-02","mainEntityOfPage":"https:\/\/www.ne-ko.cz\/romeo-julie-a-kancelar\/","author":{"@type":"Person","@id":"https:\/\/www.ne-ko.cz\/author\/#Person","name":"","url":"https:\/\/www.ne-ko.cz\/author\/","identifier":1,"image":{"@type":"ImageObject","@id":"https:\/\/secure.gravatar.com\/avatar\/93f351f97d5e20a41105810347d62b8b573eebe9313df1f71432877ed17f5f1a?s=96&d=mm&r=g","url":"https:\/\/secure.gravatar.com\/avatar\/93f351f97d5e20a41105810347d62b8b573eebe9313df1f71432877ed17f5f1a?s=96&d=mm&r=g","height":96,"width":96}},"publisher":{"@type":"Organization","name":"ne-ko.cz","logo":{"@type":"ImageObject","@id":"\/logo.png","url":"\/logo.png","width":600,"height":60}},"image":{"@type":"ImageObject","@id":"https:\/\/www.ne-ko.cz\/wp-content\/uploads\/img_a318709_w2318_t1529571969.jpg","url":"https:\/\/www.ne-ko.cz\/wp-content\/uploads\/img_a318709_w2318_t1529571969.jpg","height":0,"width":0},"wordCount":525,"keywords":null},{"@type":"Article","@id":"https:\/\/www.ne-ko.cz\/cesta-k-vytouzene-postave\/","headline":"Cesta k vytou\u017een\u00e9 postav\u011b","url":"https:\/\/www.ne-ko.cz\/cesta-k-vytouzene-postave\/","datePublished":"2020-09-25","dateModified":"2023-06-02","mainEntityOfPage":"https:\/\/www.ne-ko.cz\/cesta-k-vytouzene-postave\/","author":{"@type":"Person","@id":"https:\/\/www.ne-ko.cz\/author\/#Person","name":"","url":"https:\/\/www.ne-ko.cz\/author\/","identifier":1,"image":{"@type":"ImageObject","@id":"https:\/\/secure.gravatar.com\/avatar\/93f351f97d5e20a41105810347d62b8b573eebe9313df1f71432877ed17f5f1a?s=96&d=mm&r=g","url":"https:\/\/secure.gravatar.com\/avatar\/93f351f97d5e20a41105810347d62b8b573eebe9313df1f71432877ed17f5f1a?s=96&d=mm&r=g","height":96,"width":96}},"publisher":{"@type":"Organization","name":"ne-ko.cz","logo":{"@type":"ImageObject","@id":"\/logo.png","url":"\/logo.png","width":600,"height":60}},"image":{"@type":"ImageObject","@id":"https:\/\/www.ne-ko.cz\/wp-content\/uploads\/img_a301811_w2402_t1511888079.jpg","url":"https:\/\/www.ne-ko.cz\/wp-content\/uploads\/img_a301811_w2402_t1511888079.jpg","height":0,"width":0},"wordCount":2516,"keywords":null},{"@type":"Article","@id":"https:\/\/www.ne-ko.cz\/moje-deti-tvoje-deti\/","headline":"Moje d\u011bti, tvoje d\u011bti\u2026","url":"https:\/\/www.ne-ko.cz\/moje-deti-tvoje-deti\/","datePublished":"2020-09-23","dateModified":"2023-06-02","mainEntityOfPage":"https:\/\/www.ne-ko.cz\/moje-deti-tvoje-deti\/","author":{"@type":"Person","@id":"https:\/\/www.ne-ko.cz\/author\/#Person","name":"","url":"https:\/\/www.ne-ko.cz\/author\/","identifier":1,"image":{"@type":"ImageObject","@id":"https:\/\/secure.gravatar.com\/avatar\/93f351f97d5e20a41105810347d62b8b573eebe9313df1f71432877ed17f5f1a?s=96&d=mm&r=g","url":"https:\/\/secure.gravatar.com\/avatar\/93f351f97d5e20a41105810347d62b8b573eebe9313df1f71432877ed17f5f1a?s=96&d=mm&r=g","height":96,"width":96}},"publisher":{"@type":"Organization","name":"ne-ko.cz","logo":{"@type":"ImageObject","@id":"\/logo.png","url":"\/logo.png","width":600,"height":60}},"image":{"@type":"ImageObject","@id":"https:\/\/www.ne-ko.cz\/wp-content\/uploads\/img_a288505_w2008_t1498851253.jpg","url":"https:\/\/www.ne-ko.cz\/wp-content\/uploads\/img_a288505_w2008_t1498851253.jpg","height":0,"width":0},"wordCount":606,"keywords":null},{"@type":"Article","@id":"https:\/\/www.ne-ko.cz\/idealni-partnerka\/","headline":"Ide\u00e1ln\u00ed partnerka","url":"https:\/\/www.ne-ko.cz\/idealni-partnerka\/","datePublished":"2020-09-16","dateModified":"2023-06-02","mainEntityOfPage":"https:\/\/www.ne-ko.cz\/idealni-partnerka\/","author":{"@type":"Person","@id":"https:\/\/www.ne-ko.cz\/author\/#Person","name":"","url":"https:\/\/www.ne-ko.cz\/author\/","identifier":1,"image":{"@type":"ImageObject","@id":"https:\/\/secure.gravatar.com\/avatar\/93f351f97d5e20a41105810347d62b8b573eebe9313df1f71432877ed17f5f1a?s=96&d=mm&r=g","url":"https:\/\/secure.gravatar.com\/avatar\/93f351f97d5e20a41105810347d62b8b573eebe9313df1f71432877ed17f5f1a?s=96&d=mm&r=g","height":96,"width":96}},"publisher":{"@type":"Organization","name":"ne-ko.cz","logo":{"@type":"ImageObject","@id":"\/logo.png","url":"\/logo.png","width":600,"height":60}},"image":{"@type":"ImageObject","@id":"https:\/\/www.ne-ko.cz\/wp-content\/uploads\/img_a329135_w2327_t1541449502.jpg","url":"https:\/\/www.ne-ko.cz\/wp-content\/uploads\/img_a329135_w2327_t1541449502.jpg","height":0,"width":0},"wordCount":485,"keywords":null},{"@type":"Article","@id":"https:\/\/www.ne-ko.cz\/mejte-doma-i-v-lete-lepsi-vzduch\/","headline":"M\u011bjte doma i v l\u00e9t\u011b lep\u0161\u00ed vzduch","url":"https:\/\/www.ne-ko.cz\/mejte-doma-i-v-lete-lepsi-vzduch\/","datePublished":"2020-09-09","dateModified":"2020-09-09","mainEntityOfPage":"https:\/\/www.ne-ko.cz\/mejte-doma-i-v-lete-lepsi-vzduch\/","author":{"@type":"Person","@id":"https:\/\/www.ne-ko.cz\/author\/#Person","name":"","url":"https:\/\/www.ne-ko.cz\/author\/","identifier":1,"image":{"@type":"ImageObject","@id":"https:\/\/secure.gravatar.com\/avatar\/93f351f97d5e20a41105810347d62b8b573eebe9313df1f71432877ed17f5f1a?s=96&d=mm&r=g","url":"https:\/\/secure.gravatar.com\/avatar\/93f351f97d5e20a41105810347d62b8b573eebe9313df1f71432877ed17f5f1a?s=96&d=mm&r=g","height":96,"width":96}},"publisher":{"@type":"Organization","name":"ne-ko.cz","logo":{"@type":"ImageObject","@id":"\/logo.png","url":"\/logo.png","width":600,"height":60}},"image":{"@type":"ImageObject","@id":"https:\/\/www.ne-ko.cz\/wp-content\/uploads\/Klimatizovan%C3%A1%20v%C4%9B%C5%BE%C3%A1k.jpg","url":"https:\/\/www.ne-ko.cz\/wp-content\/uploads\/Klimatizovan%C3%A1%20v%C4%9B%C5%BE%C3%A1k.jpg","height":0,"width":0},"wordCount":644,"keywords":null},{"@type":"Article","@id":"https:\/\/www.ne-ko.cz\/dovolena-v-praze\/","headline":"Dovolen\u00e1 v Praze","url":"https:\/\/www.ne-ko.cz\/dovolena-v-praze\/","datePublished":"2020-08-10","dateModified":"2023-06-02","mainEntityOfPage":"https:\/\/www.ne-ko.cz\/dovolena-v-praze\/","author":{"@type":"Person","@id":"https:\/\/www.ne-ko.cz\/author\/#Person","name":"","url":"https:\/\/www.ne-ko.cz\/author\/","identifier":1,"image":{"@type":"ImageObject","@id":"https:\/\/secure.gravatar.com\/avatar\/93f351f97d5e20a41105810347d62b8b573eebe9313df1f71432877ed17f5f1a?s=96&d=mm&r=g","url":"https:\/\/secure.gravatar.com\/avatar\/93f351f97d5e20a41105810347d62b8b573eebe9313df1f71432877ed17f5f1a?s=96&d=mm&r=g","height":96,"width":96}},"publisher":{"@type":"Organization","name":"ne-ko.cz","logo":{"@type":"ImageObject","@id":"\/logo.png","url":"\/logo.png","width":600,"height":60}},"image":{"@type":"ImageObject","@id":"https:\/\/www.ne-ko.cz\/wp-content\/uploads\/img_a385834_w4456_t1598513353.jpg","url":"https:\/\/www.ne-ko.cz\/wp-content\/uploads\/img_a385834_w4456_t1598513353.jpg","height":0,"width":0},"wordCount":576,"keywords":null},{"@type":"Article","@id":"https:\/\/www.ne-ko.cz\/jsou-susene-kvetiny-vhodnou-dekoraci\/","headline":"Jsou su\u0161en\u00e9 kv\u011btiny vhodnou dekorac\u00ed?","url":"https:\/\/www.ne-ko.cz\/jsou-susene-kvetiny-vhodnou-dekoraci\/","datePublished":"2020-07-06","dateModified":"2023-06-02","mainEntityOfPage":"https:\/\/www.ne-ko.cz\/jsou-susene-kvetiny-vhodnou-dekoraci\/","author":{"@type":"Person","@id":"https:\/\/www.ne-ko.cz\/author\/#Person","name":"","url":"https:\/\/www.ne-ko.cz\/author\/","identifier":1,"image":{"@type":"ImageObject","@id":"https:\/\/secure.gravatar.com\/avatar\/93f351f97d5e20a41105810347d62b8b573eebe9313df1f71432877ed17f5f1a?s=96&d=mm&r=g","url":"https:\/\/secure.gravatar.com\/avatar\/93f351f97d5e20a41105810347d62b8b573eebe9313df1f71432877ed17f5f1a?s=96&d=mm&r=g","height":96,"width":96}},"publisher":{"@type":"Organization","name":"ne-ko.cz","logo":{"@type":"ImageObject","@id":"\/logo.png","url":"\/logo.png","width":600,"height":60}},"image":{"@type":"ImageObject","@id":"https:\/\/www.ne-ko.cz\/wp-content\/uploads\/img_a383819_w3287_t1595488527.jpg","url":"https:\/\/www.ne-ko.cz\/wp-content\/uploads\/img_a383819_w3287_t1595488527.jpg","height":0,"width":0},"wordCount":520,"keywords":null},{"@type":"Article","@id":"https:\/\/www.ne-ko.cz\/sibutramin\/","headline":"Sibutramin","url":"https:\/\/www.ne-ko.cz\/sibutramin\/","datePublished":"2020-02-23","dateModified":"2023-10-10","mainEntityOfPage":"https:\/\/www.ne-ko.cz\/sibutramin\/","author":{"@type":"Person","@id":"https:\/\/www.ne-ko.cz\/author\/#Person","name":"","url":"https:\/\/www.ne-ko.cz\/author\/","identifier":1,"image":{"@type":"ImageObject","@id":"https:\/\/secure.gravatar.com\/avatar\/93f351f97d5e20a41105810347d62b8b573eebe9313df1f71432877ed17f5f1a?s=96&d=mm&r=g","url":"https:\/\/secure.gravatar.com\/avatar\/93f351f97d5e20a41105810347d62b8b573eebe9313df1f71432877ed17f5f1a?s=96&d=mm&r=g","height":96,"width":96}},"publisher":{"@type":"Organization","name":"ne-ko.cz","logo":{"@type":"ImageObject","@id":"\/logo.png","url":"\/logo.png","width":600,"height":60}},"image":{"@type":"ImageObject","@id":"https:\/\/www.ne-ko.cz\/wp-content\/uploads\/img_a379835_w3287_t1591354777.png","url":"https:\/\/www.ne-ko.cz\/wp-content\/uploads\/img_a379835_w3287_t1591354777.png","height":0,"width":0},"wordCount":514,"keywords":null}]},{"@context":"https:\/\/schema.org","@type":"WebSite","@id":"https:\/\/www.ne-ko.cz\/#website","name":"Ne-ko","url":"https:\/\/www.ne-ko.cz","potentialAction":{"@type":"SearchAction","target":"https:\/\/www.ne-ko.cz\/?s={search_term_string}","query-input":"required name=search_term_string"}}]