[{"@context":"https:\/\/schema.org\/","@type":"Article","@id":"https:\/\/www.ne-ko.cz\/jsou-susene-kvetiny-vhodnou-dekoraci\/#Article","mainEntityOfPage":"https:\/\/www.ne-ko.cz\/jsou-susene-kvetiny-vhodnou-dekoraci\/","headline":"Jsou su\u0161en\u00e9 kv\u011btiny vhodnou dekorac\u00ed?","name":"Jsou su\u0161en\u00e9 kv\u011btiny vhodnou dekorac\u00ed?","description":"Nen\u00ed pochyb o tom, \u017ee ka\u017ed\u00fd z n\u00e1s chce, aby jeho domov vypadal co nejl\u00e9pe. K tomu pou\u017e\u00edv\u00e1me nejr\u016fzn\u011bj\u0161\u00edch prost\u0159edk\u016f....","datePublished":"2020-07-06","dateModified":"2023-06-02","author":{"@type":"Person","@id":"https:\/\/www.ne-ko.cz\/author\/#Person","name":"","url":"https:\/\/www.ne-ko.cz\/author\/","identifier":1,"image":{"@type":"ImageObject","@id":"https:\/\/secure.gravatar.com\/avatar\/93f351f97d5e20a41105810347d62b8b573eebe9313df1f71432877ed17f5f1a?s=96&d=mm&r=g","url":"https:\/\/secure.gravatar.com\/avatar\/93f351f97d5e20a41105810347d62b8b573eebe9313df1f71432877ed17f5f1a?s=96&d=mm&r=g","height":96,"width":96}},"publisher":{"@type":"Organization","name":"ne-ko.cz","logo":{"@type":"ImageObject","@id":"\/logo.png","url":"\/logo.png","width":600,"height":60}},"image":{"@type":"ImageObject","@id":"https:\/\/www.ne-ko.cz\/wp-content\/uploads\/img_a383819_w3287_t1595488527.jpg","url":"https:\/\/www.ne-ko.cz\/wp-content\/uploads\/img_a383819_w3287_t1595488527.jpg","height":0,"width":0},"url":"https:\/\/www.ne-ko.cz\/jsou-susene-kvetiny-vhodnou-dekoraci\/","about":["Produkty"],"wordCount":427,"articleBody":"  Nen\u00ed pochyb o tom, \u017ee ka\u017ed\u00fd z n\u00e1s chce, aby jeho domov vypadal co nejl\u00e9pe. K tomu pou\u017e\u00edv\u00e1me nejr\u016fzn\u011bj\u0161\u00edch prost\u0159edk\u016f. Mezi ty nejobvyklej\u0161\u00ed pat\u0159\u00ed umis\u0165ov\u00e1n\u00ed nejr\u016fzn\u011bj\u0161\u00edch dekora\u010dn\u00edch p\u0159edm\u011bt\u016f na vhodn\u00e1 m\u00edsta. Jednou z t\u011bchto dekorac\u00ed jsou i su\u0161en\u00e9 kv\u011btiny. Zat\u00edmco d\u0159\u00edve byly pom\u011brn\u011b velkou vz\u00e1cnost\u00ed, v posledn\u00edch letech si z\u00edsk\u00e1vaj\u00ed na oblib\u011b. Najdeme je ji\u017e nejen v klasick\u00fdch kv\u011btin\u00e1\u0159stv\u00edch, n\u00fdbr\u017e i v b\u011b\u017en\u00fdch obchodech.  Faktem je, \u017ee n\u00e1s l\u00e1kaj\u00ed jednak svou v\u016fn\u00ed, a za druh\u00e9 sv\u00fdm vzhledem. Jsou toti\u017e o\u0161et\u0159eny tak, aby byla zachov\u00e1na jak barva, tak i tvar a aby dlouho vydr\u017eela. Je samoz\u0159ejm\u011b mo\u017en\u00e9, abychom si kv\u011btinu usu\u0161ili sami. A n\u011bkte\u0159\u00ed lid\u00e9 to d\u011blaj\u00ed, nap\u0159\u00edklad s kytic\u00ed, kterou dostanou p\u0159i zvl\u00e1\u0161tn\u00ed p\u0159\u00edle\u017eitosti od milovan\u00e9 osoby. Av\u0161ak tyto obvykle nevydr\u017e\u00ed nijak dlouho. Pokud je tedy chcete pou\u017e\u00edt jako dlouhodob\u011bj\u0161\u00ed dekoraci, nezbude v\u00e1m, ne\u017e se poohl\u00e9dnout n\u011bkde v obchod\u011b. M\u011bjte v\u0161ak na pam\u011bti, \u017ee ani tyto nevydr\u017e\u00ed v\u011b\u010dn\u011b. Vzhledem k v\u00fd\u0161e uveden\u00e9mu bychom se m\u011bli pt\u00e1t, zda se skute\u010dn\u011b jedn\u00e1 o vhodn\u00fd dekora\u010dn\u00ed p\u0159edm\u011bt. Skute\u010dn\u011b se vyplat\u00ed do n\u011bj investovat, kdy\u017e jej za relativn\u011b kr\u00e1tkou dobu vyhod\u00edme? A nav\u00edc, v\u011bt\u0161ina vypad\u00e1 jako ze\u0161edl\u00e9, spadan\u00e9 list\u00ed a kv\u011bty, na kter\u00fdch se je\u0161t\u011b zachovalo trochu p\u016fvodn\u00ed barvy. Opravdu se n\u00e1m su\u0161en\u00e1 kv\u011btina hod\u00ed do interi\u00e9ru? Jednoduch\u00e1 odpov\u011b\u010f zde samoz\u0159ejm\u011b nen\u00ed. Je v\u0161ak pom\u011brn\u011b d\u016fle\u017eit\u00e9, abychom se realisticky rozhl\u00e9dli po na\u0161em domov\u011b a zamysleli se. Skute\u010dn\u011b to o\u017eiv\u00ed dan\u00fd prostor? Nebo tomu dod\u00e1 vzhled a atmosf\u00e9ru, o kter\u00e9 nestoj\u00edme?  Z\u00e1le\u017e\u00ed to samoz\u0159ejm\u011b na ka\u017ed\u00e9m z n\u00e1s. Koneckonc\u016f, ka\u017ed\u00fd jsme jedine\u010dn\u00fd, a\u0165 u\u017e co se t\u00fd\u010de podm\u00ednek, kter\u00e9 m\u00e1me k dispozici, tak vkusu. A to je samoz\u0159ejm\u011b dob\u0159e. Kdybychom byli v\u0161ichni naprosto stejn\u00ed, byla by to velk\u00e1 nuda. Proto se nedejte zl\u00e1kat \u017e\u00e1dn\u00fdmi aktu\u00e1ln\u00edmi m\u00f3dn\u00edmi trendy. M\u00edsto toho p\u0159em\u00fd\u0161lejte sami za sebe: skute\u010dn\u011b se mi to l\u00edb\u00ed? Jen tak budete s v\u00fdsledkem naprosto spokojen\u00ed.                                                                                                                                                                                                                                                                                                                                                                                         4.1\/5 - (8 votes)        "},{"@context":"https:\/\/schema.org\/","@type":"BreadcrumbList","itemListElement":[{"@type":"ListItem","position":1,"name":"Jsou su\u0161en\u00e9 kv\u011btiny vhodnou dekorac\u00ed?","item":"https:\/\/www.ne-ko.cz\/jsou-susene-kvetiny-vhodnou-dekoraci\/#breadcrumbitem"}]}]