[{"@context":"https:\/\/schema.org\/","@type":"Article","@id":"https:\/\/www.ne-ko.cz\/celorocne-obyvatelny-mobilni-dum-neni-utopii\/#Article","mainEntityOfPage":"https:\/\/www.ne-ko.cz\/celorocne-obyvatelny-mobilni-dum-neni-utopii\/","headline":"Celoro\u010dn\u011b obyvateln\u00fd mobiln\u00ed d\u016fm nen\u00ed utopi\u00ed","name":"Celoro\u010dn\u011b obyvateln\u00fd mobiln\u00ed d\u016fm nen\u00ed utopi\u00ed","description":"V z\u00e1sad\u011b m\u016f\u017eete po\u0159\u00eddit dva druhy mobiln\u00edch celoro\u010dn\u00edch dom\u016f. Bu\u010f vyr\u00e1b\u011bn\u00e9 v \u010cesk\u00e9 republice, nebo dov\u00e1\u017een\u00e9 ze zahrani\u010d\u00ed. Takov\u00e9to primitivn\u00ed...","datePublished":"2018-04-12","dateModified":"2023-06-02","author":{"@type":"Person","@id":"https:\/\/www.ne-ko.cz\/author\/#Person","name":"","url":"https:\/\/www.ne-ko.cz\/author\/","identifier":1,"image":{"@type":"ImageObject","@id":"https:\/\/secure.gravatar.com\/avatar\/93f351f97d5e20a41105810347d62b8b573eebe9313df1f71432877ed17f5f1a?s=96&d=mm&r=g","url":"https:\/\/secure.gravatar.com\/avatar\/93f351f97d5e20a41105810347d62b8b573eebe9313df1f71432877ed17f5f1a?s=96&d=mm&r=g","height":96,"width":96}},"publisher":{"@type":"Organization","name":"ne-ko.cz","logo":{"@type":"ImageObject","@id":"\/logo.png","url":"\/logo.png","width":600,"height":60}},"image":{"@type":"ImageObject","@id":"https:\/\/www.ne-ko.cz\/wp-content\/uploads\/img_a315114_w2352_t1526029730.jpg","url":"https:\/\/www.ne-ko.cz\/wp-content\/uploads\/img_a315114_w2352_t1526029730.jpg","height":0,"width":0},"url":"https:\/\/www.ne-ko.cz\/celorocne-obyvatelny-mobilni-dum-neni-utopii\/","about":["D\u016fm a byt"],"wordCount":469,"articleBody":"        V z\u00e1sad\u011b m\u016f\u017eete po\u0159\u00eddit dva druhy mobiln\u00edch celoro\u010dn\u00edch dom\u016f. Bu\u010f vyr\u00e1b\u011bn\u00e9 v \u010cesk\u00e9 republice, nebo dov\u00e1\u017een\u00e9 ze zahrani\u010d\u00ed. Takov\u00e9to primitivn\u00ed d\u011blen\u00ed by napadlo i mal\u00e9 d\u00edt\u011b, m\u016f\u017eete oponovat, ov\u0161em m\u00e1 to hlub\u0161\u00ed podtext. \u010cesk\u00e9 mobiln\u00ed domy jsou toti\u017e plnohodnotnou d\u0159evostavbou, zat\u00edmco dov\u00e1\u017een\u00e9 produkty, zejm\u00e9na ze zem\u00ed z\u00e1padn\u00ed Evropy, nejsou vhodn\u00e9 k trval\u00e9mu bydlen\u00ed. Zn\u00ed to trochu po\u0161etile, ale z\u00e1sadn\u00ed rozd\u00edl tkv\u00ed v tom, \u017ee dov\u00e1\u017een\u00e9 mobilhousy nejsou dostate\u010dn\u011b zateplen\u00e9, aby se v nich dalo bydlet i v zim\u011b. Jsou ur\u010deny pouze jako sezonn\u00ed p\u0159echodn\u00e9 bydlen\u00ed a mohou nahradit nap\u0159. venkovskou chalupu. \u010cesk\u00e9 v\u00fdrobky se orientuj\u00ed ryze na n\u00e1\u0161 trh, aby zajistily cenov\u011b dostupnou alternativu k celoro\u010dn\u00edmu bydlen\u00ed pro mlad\u00e9 rodiny, seniorsk\u00e9 p\u00e1ry, nebo jednotlivce, kte\u0159\u00ed budou rad\u011bji bydlet ve sv\u00e9m, ne\u017e aby platili n\u00e1jemn\u00e9 v byt\u011b, a to v\u010detn\u011b \u010d\u00e1stky na \u00fadr\u017ebu bytov\u00e9ho domu (fas\u00e1da, st\u0159echa, stoupa\u010dky, centr\u00e1ln\u00ed rozvody vody a odpadu atd.). Lid\u00e9 zkr\u00e1tka st\u00e1le v\u00edce tou\u017e\u00ed investovat do sv\u00e9ho vlastn\u00edho bydlen\u00ed a prahnou po nez\u00e1vislosti na bytov\u00fdch dru\u017estvech a spole\u010denstv\u00ed vlastn\u00edk\u016f. \u010cesk\u00e9 v\u00fdrobky spl\u0148uj\u00ed standardy pro celoro\u010dn\u00ed pobyt \u010ce\u0161t\u00ed v\u00fdrobci nab\u00edz\u00ed na trhu d\u0159evostavby poskl\u00e1dan\u00e9 z modul\u016f, kter\u00e9 lze snadno rozmontovat a kamkoli p\u0159em\u00edstit. Jsou to zjednodu\u0161en\u011b \u0159e\u010deno d\u0159evostavby s mobiln\u00edmi prvky, s podvozkem, a nosnou ocelovou konstrukc\u00ed. Tyto v\u00fdrobky maj\u00ed rozvody vody a elekt\u0159iny normalizovan\u00e9, to se t\u00fdk\u00e1 i zateplen\u00ed objektu apod. Mus\u00ed tedy spl\u0148ovat parametry stanoven\u00e9 vyhl\u00e1\u0161kou 268\/2009 Sb\u00edrky z\u00e1kon\u016f. V\u00fdhodou je, \u017ee v souladu s po\u017eadavky stavebn\u00edho \u00fa\u0159adu pro danou lokalitu lze p\u0159izp\u016fsobit usazen\u00ed domu bu\u010f na kola s podvozkem, nebo na betonov\u00e9 z\u00e1kladov\u00e9 patky, p\u0159\u00edpadn\u011b p\u00e1sy. Probl\u00e9m se stavebn\u00edm \u00fa\u0159adem m\u016f\u017ee naopak nastat u dov\u00e1\u017een\u00fdch v\u00fdrobk\u016f, \u00fa\u0159ad toti\u017e zpravidla zah\u00e1j\u00ed spr\u00e1vn\u00ed \u0159\u00edzen\u00ed kv\u016fli odstran\u011bn\u00ed mobiln\u00edho domu z d\u016fvodu nevyhovuj\u00edc\u00edch prostor pro bydlen\u00ed. D\u016fvodem m\u016f\u017ee b\u00fdt nap\u0159. v\u00fd\u0161ka stropu 200 cm, co\u017e je u dov\u00e1\u017een\u00fdch domk\u016f b\u011b\u017en\u00e9, a tud\u00ed\u017e nevyhovuj\u00edc\u00ed stanoven\u00fdm \u010desk\u00fdm norm\u00e1m pro trval\u00e9 bydlen\u00ed. Tyto domy nemaj\u00ed rovn\u011b\u017e pat\u0159i\u010dn\u00e9 zateplen\u00ed, s t\u00edmto probl\u00e9mem se pot\u00fdkali lid\u00e9 nap\u0159. v \u00dasteck\u00e9m kraji po povodn\u00edch, kdy si po\u0159\u00eddili mobiln\u00ed domy dovezen\u00e9 ze zahrani\u010d\u00ed jako nouzov\u00e9 \u0159e\u0161en\u00ed, a v zim\u011b to p\u0159edstavovalo obrovsk\u00e9 n\u00e1klady na vyt\u00e1p\u011bn\u00ed, nav\u00edc se nedalo hovo\u0159it o \u017e\u00e1dn\u00e9m tepeln\u00e9m komfortu.                                                                                                                                                                                                                                                                                                                                                                                           4.2\/5 - (8 votes)        "},{"@context":"https:\/\/schema.org\/","@type":"BreadcrumbList","itemListElement":[{"@type":"ListItem","position":1,"name":"Celoro\u010dn\u011b obyvateln\u00fd mobiln\u00ed d\u016fm nen\u00ed utopi\u00ed","item":"https:\/\/www.ne-ko.cz\/celorocne-obyvatelny-mobilni-dum-neni-utopii\/#breadcrumbitem"}]}]