[{"@context":"https:\/\/schema.org\/","@type":"Article","@id":"https:\/\/www.ne-ko.cz\/bojis-se-ridicaku-u-nas-nemusis\/#Article","mainEntityOfPage":"https:\/\/www.ne-ko.cz\/bojis-se-ridicaku-u-nas-nemusis\/","headline":"Boj\u00ed\u0161 se \u0159idi\u010d\u00e1ku? U n\u00e1s nemus\u00ed\u0161!","name":"Boj\u00ed\u0161 se \u0159idi\u010d\u00e1ku? U n\u00e1s nemus\u00ed\u0161!","description":"Chce\u0161 se nau\u010dit \u0159\u00eddit? Nem\u00e1\u0161 v\u016fbec \u017e\u00e1dn\u00e9 zku\u0161enosti? To p\u0159ece nevad\u00ed! Na\u0161e auto\u0161kola t\u011b to v\u0161echno po\u0159\u00e1dn\u011b nau\u010d\u00ed! Ka\u017ed\u00fd p\u0159ece...","datePublished":"2021-11-04","dateModified":"2023-06-02","author":{"@type":"Person","@id":"https:\/\/www.ne-ko.cz\/author\/#Person","name":"","url":"https:\/\/www.ne-ko.cz\/author\/","identifier":1,"image":{"@type":"ImageObject","@id":"https:\/\/secure.gravatar.com\/avatar\/93f351f97d5e20a41105810347d62b8b573eebe9313df1f71432877ed17f5f1a?s=96&d=mm&r=g","url":"https:\/\/secure.gravatar.com\/avatar\/93f351f97d5e20a41105810347d62b8b573eebe9313df1f71432877ed17f5f1a?s=96&d=mm&r=g","height":96,"width":96}},"publisher":{"@type":"Organization","name":"ne-ko.cz","logo":{"@type":"ImageObject","@id":"\/logo.png","url":"\/logo.png","width":600,"height":60}},"image":{"@type":"ImageObject","@id":"https:\/\/www.ne-ko.cz\/wp-content\/uploads\/thumb_1472120727u%C4%8Debna.jpg","url":"https:\/\/www.ne-ko.cz\/wp-content\/uploads\/thumb_1472120727u%C4%8Debna.jpg","height":0,"width":0},"url":"https:\/\/www.ne-ko.cz\/bojis-se-ridicaku-u-nas-nemusis\/","about":["Business"],"wordCount":538,"articleBody":"       Chce\u0161 se nau\u010dit \u0159\u00eddit? Nem\u00e1\u0161 v\u016fbec \u017e\u00e1dn\u00e9 zku\u0161enosti? To p\u0159ece nevad\u00ed! Na\u0161e auto\u0161kola t\u011b to v\u0161echno po\u0159\u00e1dn\u011b nau\u010d\u00ed! Ka\u017ed\u00fd p\u0159ece jednou za\u010d\u00ednal! Chce\u0161 se nau\u010dit \u0159\u00eddit? A st\u00e1le se boj\u00ed\u0161? S n\u00e1mi na ve\u0161ker\u00fd strach zapomene\u0161! Jsme odborn\u00edci v profesi, a nab\u00edz\u00edme ti ty nejlep\u0161\u00ed slu\u017eby jak\u00e9 mohou v dne\u0161n\u00ed dob\u011b b\u00fdt! Co takhle \u0159idi\u010dsk\u00fd pr\u016fkaz na motorku? V\u00edtr ve vlasech, parta dal\u0161\u00edch motork\u00e1\u0159\u016f, srazy, mejdany, lidi se za tebou ot\u00e1\u010dej\u00ed, v\u016fn\u011b benz\u00ednu!Na\u0161el jsi se v tom? Pokud ano tak si k n\u00e1m zasko\u010d! A co osobn\u00ed automobil? Pokud doma u\u017e n\u011bkdo z va\u0161\u00ed rodiny m\u00e1, nebo se ho teprve chyst\u00e1\u0161 kupovat, tak p\u0159ece mus\u00ed\u0161 b\u00fdt \u0159idi\u010dem jinak ti k ni\u010demu nebude! Couvat podle zrc\u00e1tek? Nen\u00ed probl\u00e9m! Za jak\u00e9hokoliv po\u010das\u00ed m\u016f\u017ee\u0161 vyjet a t\u0159eba se pochlubit i rodin\u011b, jak\u00fd z tebe nakonec dobr\u00fd \u0159idi\u010d. Chce\u0161 zm\u011bnit pr\u00e1ci a st\u00e1t se spr\u00e1vn\u00fdm kamio\u0148\u00e1kem? Na\u0161e auto\u0161kola ti to umo\u017en\u00ed! Tv\u016fj sen se nyn\u00ed stane skute\u010dnost\u00ed. A kde n\u00e1s vlastn\u011b najde\u0161? No p\u0159ece v Praze Hole\u0161ovic\u00edch a Horn\u00edch Po\u010dernic\u00edch ( Praha 7 a Praha 9). A hlavn\u011b se nau\u010d\u00ed\u0161 jezdit po Praze, a to jen tak n\u011bkdo neum\u00ed, proto\u017ee v\u011bt\u0161ina \u0159idi\u010d\u016f se Prahy boj\u00ed. Tak\u017ee dal\u0161\u00ed plus pro tebe! A nebo snad zn\u00e1\u0161 n\u011bkoho kdo by si cht\u011bl dod\u011blat n\u011bjakou dal\u0161\u00ed skupinu? Ide\u00e1ln\u00ed volba jsme prost\u011b my! Jestli si chce\u0161 vyzkou\u0161et sv\u00e9 znalosti, tak si m\u016f\u017ee\u0161 na na\u0161ich str\u00e1nk\u00e1ch ud\u011blat i zku\u0161ebn\u00ed test.Projde\u0161 nebo ne? Zkus to a uvid\u00ed\u0161! Nab\u00edz\u00edme i \u0161kolen\u00ed profesn\u00edch \u0159idi\u010d\u016f pro firmy. Napi\u0161te n\u00e1m tedy pros\u00edm na e-mail, a domluv\u00edme se na dal\u0161\u00edm postupu. N\u00e1\u0161 cen\u00edk m\u00e1me uveden\u00fd na webov\u00fdch str\u00e1nk\u00e1ch, a osobn\u011b si mysl\u00edme, \u017ee na\u0161e ceny jsou velmi dobr\u00e9! A jestli je mo\u017enost kombinovat r\u016fzn\u00e9 skupiny? To v\u00edte, \u017ee ano! Jestli\u017ee si najednou chcete ud\u011blat \u0159idi\u010dsk\u00fd pr\u016fkaz na motocykl, a k tomu nav\u00edc na automobil, tak jste n\u00e1\u0161 \u010dlov\u011bk! My nem\u00e1me s ni\u010d\u00edm probl\u00e9m, a kdo se chce nau\u010dit po\u0159\u00e1dn\u011b \u0159\u00eddit tak si ur\u010dit\u011b vybere n\u00e1s! M\u00e1me i dopl\u0148kov\u00e9 slu\u017eby. A kdo cht\u011bl b\u00fdt v\u017edycky \u0159idi\u010dem autobusu? Ano i tac\u00ed se najdou, a pro n\u011b m\u00e1me dobrou zpr\u00e1vu! U n\u00e1s si tuto skupinu pokud ji\u017e m\u00e1te \u0158P ur\u010dit\u011b dod\u011bl\u00e1te. Jestli\u017ee si nebudete v\u011bd\u011bt s \u010d\u00edmkoliv rady, tak se na n\u00e1s zajist\u00e9 obra\u0165te. S \u010d\u00edmkoliv v\u00e1m mile r\u00e1di porad\u00edme, proto\u017ee v\u00e1s nechceme nechat ve \u0161tychu! T\u011b\u0161\u00edme se u\u017e nyn\u00ed na setk\u00e1n\u00ed s v\u00e1mi, nebo s n\u011bk\u00fdm z va\u0161\u00ed rodiny kdo si chce ud\u011blat \u0158P. Jsme auto\u0161kola Praha!                                                                                                                                                                                                                                                                                                                                                                                          4.6\/5 - (7 votes)        "},{"@context":"https:\/\/schema.org\/","@type":"BreadcrumbList","itemListElement":[{"@type":"ListItem","position":1,"name":"Boj\u00ed\u0161 se \u0159idi\u010d\u00e1ku? U n\u00e1s nemus\u00ed\u0161!","item":"https:\/\/www.ne-ko.cz\/bojis-se-ridicaku-u-nas-nemusis\/#breadcrumbitem"}]}]