[{"@context":"https:\/\/schema.org\/","@type":"Article","@id":"https:\/\/www.ne-ko.cz\/atypicke-schody\/#Article","mainEntityOfPage":"https:\/\/www.ne-ko.cz\/atypicke-schody\/","headline":"Atypick\u00e9 schody","name":"Atypick\u00e9 schody","description":"V\u011bt\u0161inou si lid\u00e9 po\u0159izuj\u00ed do sv\u00e9ho domu norm\u00e1ln\u00ed rovn\u00e9 schody, proto\u017ee jde o starou dobrou klasiku. N\u011bkte\u0159\u00ed v\u0161ak vol\u00ed modern\u00ed...","datePublished":"2021-11-04","dateModified":"2023-06-27","author":{"@type":"Person","@id":"https:\/\/www.ne-ko.cz\/author\/#Person","name":"","url":"https:\/\/www.ne-ko.cz\/author\/","identifier":1,"image":{"@type":"ImageObject","@id":"https:\/\/secure.gravatar.com\/avatar\/93f351f97d5e20a41105810347d62b8b573eebe9313df1f71432877ed17f5f1a?s=96&d=mm&r=g","url":"https:\/\/secure.gravatar.com\/avatar\/93f351f97d5e20a41105810347d62b8b573eebe9313df1f71432877ed17f5f1a?s=96&d=mm&r=g","height":96,"width":96}},"publisher":{"@type":"Organization","name":"ne-ko.cz","logo":{"@type":"ImageObject","@id":"\/logo.png","url":"\/logo.png","width":600,"height":60}},"image":{"@type":"ImageObject","@id":"https:\/\/www.ne-ko.cz\/wp-content\/uploads\/to%C4%8Dit%C3%A9%20schody_6.jpg","url":"https:\/\/www.ne-ko.cz\/wp-content\/uploads\/to%C4%8Dit%C3%A9%20schody_6.jpg","height":0,"width":0},"url":"https:\/\/www.ne-ko.cz\/atypicke-schody\/","about":["Produkty"],"wordCount":408,"articleBody":"       V\u011bt\u0161inou si lid\u00e9 po\u0159izuj\u00ed do sv\u00e9ho domu norm\u00e1ln\u00ed rovn\u00e9 schody, proto\u017ee jde o starou dobrou klasiku. N\u011bkte\u0159\u00ed v\u0161ak vol\u00ed modern\u00ed a novodob\u011bj\u0161\u00ed mo\u017enost, a to to\u010dit\u00e9 schody. Kdy\u017e se posuneme do historie zjist\u00edme, \u017ee vlastn\u011b to\u010dit\u00e9 schody zn\u00e1me u\u017e z dob hrad\u016f a z\u00e1mk\u016f, proto\u017ee v \u00fazk\u00fdch v\u011b\u017e\u00edch nebyla \u017e\u00e1dn\u00e1 jin\u00e1 mo\u017enost varianty schod\u016f p\u0159\u00edzniv\u00e1, proto\u017ee \u00fazk\u00fd prostor d\u011blal sv\u00e9 a muselo se tedy j\u00edt do to\u010dit\u00fdch schod\u016f, kter\u00e9 byly prostorov\u011b velmi \u00fasporn\u00e9, co\u017e bylo v tomto p\u0159\u00edpad\u011b jednozna\u010dn\u011b po\u017eadavkem na prvn\u00edm m\u00edst\u011b. Prostorov\u00e1 \u00faspornost to\u010dit\u00fdch schod\u016f se logicky do dne\u0161n\u00edch dob nezm\u011bnila, st\u00e1le plat\u00ed toto pravidlo, a to je jeden z plus\u016f a d\u016fvod\u016f, pro\u010d si po\u0159\u00eddit to\u010dit\u00e9 schody. I p\u0159esto\u017ee byly to\u010dit\u00e9 schody \u010dast\u00e9 v hradech a z\u00e1mc\u00edch, dnes se daj\u00ed pova\u017eovat za modern\u00ed, proto\u017ee p\u016fsob\u00ed velmi vzdu\u0161n\u00fdm a zaj\u00edmav\u00fdm dojmem, kter\u00fd upout\u00e1 pohled naprosto ka\u017ed\u00e9ho, o tom nen\u00ed pochyb. Nav\u00edc nejsou v domech zas tak \u010dast\u00e9, ale nen\u00ed to zase tak, \u017ee bychom se s nimi nesetkali. Obrovskou v\u00fdhodou, kter\u00e1 hodn\u011b souvis\u00ed s prostorovou \u00faspornost\u00ed je to, \u017ee to\u010dit\u00e9 schody se zkr\u00e1tka daj\u00ed postavit \u00fapln\u011b v\u0161ude. Mohou tak t\u0159eba b\u00fdt dominantn\u00edm kouskem a prvkem v m\u00edstnosti, proto\u017ee mohou b\u00fdt v sam\u00e9m centru interi\u00e9ru, co\u017e je v\u00fdhoda, proto\u017ee pokud se vhodn\u011b to\u010dit\u00e9 schody zvol\u00ed, mohou n\u00e1dhern\u011b doplnit interi\u00e9r a doslova ho ozdobit. Nav\u00edc vybrat si, kam schody um\u00edstit, je velik\u00e1 v\u00fdhoda a je to velmi osvobozuj\u00edc\u00ed pocit. A pro\u010d jako dopln\u011bk v interi\u00e9ru nevyu\u017e\u00edt pr\u00e1v\u011b schody? Koup\u00ed to\u010dit\u00fdch schod\u016f jist\u011b ne\u0161l\u00e1pnete vedle, na tom se v\u0161ichni shodneme. Po\u0159i\u010fte si to\u010dit\u00e9 schody a o\u017eivte svou m\u00edstnosti, u\u0161et\u0159ete prostor a zabijte tak n\u011bkolik much jednou ranou. U\u0161et\u0159ete si tak pr\u00e1ci a bu\u010fte se sv\u00fdm interi\u00e9rem spokojen\u00ed. Nakrmte sv\u00e9 o\u010di n\u00e1dhern\u00fdm designem to\u010dit\u00fdch schod\u016f a prohl\u00ed\u017eejte si je ka\u017ed\u00fd den uctiv\u011b a s p\u00fdchou, proto\u017ee tak to p\u0159esn\u011b bude!                                                                                                                                                                                                                                                                                                                                                                                          4.6\/5 - (7 votes)        "},{"@context":"https:\/\/schema.org\/","@type":"BreadcrumbList","itemListElement":[{"@type":"ListItem","position":1,"name":"Atypick\u00e9 schody","item":"https:\/\/www.ne-ko.cz\/atypicke-schody\/#breadcrumbitem"}]}]