[{"@context":"https:\/\/schema.org\/","@type":"Article","@id":"https:\/\/www.ne-ko.cz\/architekt-pro-byt\/#Article","mainEntityOfPage":"https:\/\/www.ne-ko.cz\/architekt-pro-byt\/","headline":"Architekt pro byt","name":"Architekt pro byt","description":"K \u010demu je v\u016fbec takov\u00fd bytov\u00fd architekt dobr\u00fd a co v\u016fbec d\u011bl\u00e1? Bytov\u00fd architekt p\u0159ipravuje vzhled a vybaven\u00ed m\u00edstnosti, tak...","datePublished":"2023-03-19","dateModified":"2023-03-19","author":{"@type":"Person","@id":"https:\/\/www.ne-ko.cz\/author\/#Person","name":"","url":"https:\/\/www.ne-ko.cz\/author\/","identifier":1,"image":{"@type":"ImageObject","@id":"https:\/\/secure.gravatar.com\/avatar\/93f351f97d5e20a41105810347d62b8b573eebe9313df1f71432877ed17f5f1a?s=96&d=mm&r=g","url":"https:\/\/secure.gravatar.com\/avatar\/93f351f97d5e20a41105810347d62b8b573eebe9313df1f71432877ed17f5f1a?s=96&d=mm&r=g","height":96,"width":96}},"publisher":{"@type":"Organization","name":"ne-ko.cz","logo":{"@type":"ImageObject","@id":"\/logo.png","url":"\/logo.png","width":600,"height":60}},"image":{"@type":"ImageObject","@id":"https:\/\/www.ne-ko.cz\/wp-content\/uploads\/54626-bytovy-designer_hydra-640-16x9.jpg","url":"https:\/\/www.ne-ko.cz\/wp-content\/uploads\/54626-bytovy-designer_hydra-640-16x9.jpg","height":0,"width":0},"url":"https:\/\/www.ne-ko.cz\/architekt-pro-byt\/","about":["Neza\u0159azen\u00e9"],"wordCount":401,"articleBody":"   K \u010demu je v\u016fbec takov\u00fd bytov\u00fd architekt dobr\u00fd a co v\u016fbec d\u011bl\u00e1? Bytov\u00fd architekt p\u0159ipravuje vzhled a vybaven\u00ed m\u00edstnosti, tak aby odpov\u00eddal \u017eivotn\u00edmu stylu z\u00e1kazn\u00edka. Upozorn\u00ed v\u00e1s na nejnov\u011bj\u0161\u00ed mo\u017enosti v\u00fdb\u011bru materi\u00e1l\u016f a trend\u016f bydlen\u00ed, pak dohl\u00ed\u017e\u00edte na rekonstruk\u010dn\u00ed pr\u00e1ce, hlavn\u011b u za\u0159izov\u00e1n\u00ed men\u0161\u00edch prostor\u016f, tam rozhoduje ka\u017ed\u00fd centimetr, a proto i sebemen\u0161\u00ed odch\u00fdlen\u00ed od p\u016fvodn\u00edho pl\u00e1nu by mohlo naru\u0161it dojem. Ale je zde tak\u00e9 mo\u017enost, \u017ee si chcete realizaci navrhnout sami, v tom p\u0159\u00edpad\u011b pro v\u00e1s bytov\u00fd architekt m\u016f\u017ee navrhnout pouze n\u00e1vrh s 3D realizac\u00ed. A te\u010f co teda bude v\u0161e bytov\u00fd architekt d\u011blat?Ur\u010d\u00ed interi\u00e9rov\u00fd styl, tady v\u00e1m uk\u00e1\u017ee va\u0161e p\u0159edstavy a o\u010dek\u00e1v\u00e1n\u00ed. V\u0161e probere do nejmen\u0161\u00edch mali\u010dkost\u00ed. Do v\u0161eho tak\u00e9 promlouv\u00e1 prost\u0159ed\u00ed, ve kter\u00e9m \u017eijete. Tak\u017ee se zde bude rozli\u0161ovat, zda bydl\u00edte v historick\u00e9, \u010di modern\u00ed \u010dtvrti. D\u00e1le architekt prozkoum\u00e1 pe\u010dliv\u011b bytov\u00e9 prostory. Hlavn\u011b u men\u0161\u00edch byt\u016f je tento aspekt d\u016fle\u017eit\u00fd a na ka\u017ed\u00e9m metru z\u00e1le\u017e\u00ed. Od toho se pak odr\u00e1\u017e\u00ed v\u00fdb\u011br n\u00e1bytku. Potom v\u00e1m architekt d\u00e1 n\u00e1vrhy typ\u016f materi\u00e1lu a barev. Zde hraje roli krom\u011b va\u0161ich po\u017eadavk\u016f, tak\u00e9 \u00fa\u010del jednotliv\u00fdch m\u00edstnost\u00ed. V\u0161e by m\u011blo kr\u00e1sn\u011b ladit a nem\u011blo by to vytv\u00e1\u0159et necht\u011bn\u00fd dojem. Dohl\u00e9dnut\u00ed nad realizac\u00ed prov\u00e1d\u011bn\u00fdch prac\u00ed. Tahle \u010d\u00e1st se v\u00e1s nebude t\u00fdkat, proto\u017ee tuto \u0159emeslnou \u010d\u00e1st si architekt za\u0159\u00edd\u00ed s\u00e1m. Jak tedy prob\u00edh\u00e1 domluva s architektem. Prvn\u00ed je osobn\u00ed sch\u016fzka na, kter\u00e9 se setk\u00e1te s architektem a vy mu \u0159eknete va\u0161e p\u0159edstavy o\u010dek\u00e1v\u00e1n\u00ed. Tato sch\u016fzka je velmi d\u016fle\u017eit\u00e1, tak\u017ee si p\u0159edem promyslete, jak to bude prob\u00edhat. D\u00e1le pokra\u010duje cenov\u00e1 nab\u00eddka, podle informac\u00ed, kter\u00e9 sd\u011bl\u00edte architektovi, tak on v\u00e1m podle toho navrhne cenu. Potom n\u00e1sleduje prohl\u00eddka bytu, kde bude pr\u00e1ce prob\u00edhat. Pot\u00e9 architekt p\u0159iprav\u00ed p\u016fdorys a 3D model n\u00e1vrhu a potom na dal\u0161\u00ed sch\u016fzce v\u00e1m architekt p\u0159edstav\u00ed n\u00e1vrh bytu.                                                                                                                                                                                                                                                                                                                                                                                          3.8\/5 - (5 votes)        "},{"@context":"https:\/\/schema.org\/","@type":"BreadcrumbList","itemListElement":[{"@type":"ListItem","position":1,"name":"Architekt pro byt","item":"https:\/\/www.ne-ko.cz\/architekt-pro-byt\/#breadcrumbitem"}]}]