[{"@context":"https:\/\/schema.org\/","@type":"Blog","@id":"https:\/\/www.ne-ko.cz#Blog","headline":"Ne-ko","description":"\nI kdybyste ve sv\u00e9m\u00a0dosavadn\u00edm \u017eivot\u011b neu\u010dinili ani jedno jedin\u00e9 spr\u00e1vn\u00e9 rozhodnut\u00ed, v\u011b\u0159te, \u017ee s\u00e1zka na n\u00e1\u0161 web v\u00a0\u017e\u00e1dn\u00e9m p\u0159\u00edpad\u011b nebude chybou.","url":"https:\/\/www.ne-ko.cz","hasPart":[{"@type":"Article","@id":"https:\/\/www.ne-ko.cz\/oblibeny-napoj-cechu\/","headline":"Obl\u00edben\u00fd n\u00e1poj \u010cech\u016f","url":"https:\/\/www.ne-ko.cz\/oblibeny-napoj-cechu\/","datePublished":"2026-06-01","dateModified":"2023-06-02","mainEntityOfPage":"https:\/\/www.ne-ko.cz\/oblibeny-napoj-cechu\/","author":{"@type":"Person","@id":"https:\/\/www.ne-ko.cz\/author\/#Person","name":"","url":"https:\/\/www.ne-ko.cz\/author\/","identifier":1,"image":{"@type":"ImageObject","@id":"https:\/\/secure.gravatar.com\/avatar\/93f351f97d5e20a41105810347d62b8b573eebe9313df1f71432877ed17f5f1a?s=96&d=mm&r=g","url":"https:\/\/secure.gravatar.com\/avatar\/93f351f97d5e20a41105810347d62b8b573eebe9313df1f71432877ed17f5f1a?s=96&d=mm&r=g","height":96,"width":96}},"publisher":{"@type":"Organization","name":"ne-ko.cz","logo":{"@type":"ImageObject","@id":"\/logo.png","url":"\/logo.png","width":600,"height":60}},"image":{"@type":"ImageObject","@id":"https:\/\/www.ne-ko.cz\/wp-content\/uploads\/art283167_16x9_20260627_185408_A7YaJr.jpg","url":"https:\/\/www.ne-ko.cz\/wp-content\/uploads\/art283167_16x9_20260627_185408_A7YaJr.jpg","height":0,"width":0},"wordCount":520,"keywords":null},{"@type":"Article","@id":"https:\/\/www.ne-ko.cz\/deti-a-jejich-potreby\/","headline":"D\u011bti a jejich pot\u0159eby","url":"https:\/\/www.ne-ko.cz\/deti-a-jejich-potreby\/","datePublished":"2026-01-01","dateModified":"2026-01-01","mainEntityOfPage":"https:\/\/www.ne-ko.cz\/deti-a-jejich-potreby\/","author":{"@type":"Person","@id":"https:\/\/www.ne-ko.cz\/author\/#Person","name":"","url":"https:\/\/www.ne-ko.cz\/author\/","identifier":1,"image":{"@type":"ImageObject","@id":"https:\/\/secure.gravatar.com\/avatar\/93f351f97d5e20a41105810347d62b8b573eebe9313df1f71432877ed17f5f1a?s=96&d=mm&r=g","url":"https:\/\/secure.gravatar.com\/avatar\/93f351f97d5e20a41105810347d62b8b573eebe9313df1f71432877ed17f5f1a?s=96&d=mm&r=g","height":96,"width":96}},"publisher":{"@type":"Organization","name":"ne-ko.cz","logo":{"@type":"ImageObject","@id":"\/logo.png","url":"\/logo.png","width":600,"height":60}},"image":{"@type":"ImageObject","@id":"https:\/\/www.ne-ko.cz\/wp-content\/uploads\/nanas_world-family-8358014_640.jpg","url":"https:\/\/www.ne-ko.cz\/wp-content\/uploads\/nanas_world-family-8358014_640.jpg","height":0,"width":0},"wordCount":653,"keywords":null},{"@type":"Article","@id":"https:\/\/www.ne-ko.cz\/volba-ktera-se-vyplati\/","headline":"Volba, kter\u00e1 se vyplat\u00ed","url":"https:\/\/www.ne-ko.cz\/volba-ktera-se-vyplati\/","datePublished":"2025-08-30","dateModified":"2025-08-30","mainEntityOfPage":"https:\/\/www.ne-ko.cz\/volba-ktera-se-vyplati\/","author":{"@type":"Person","@id":"https:\/\/www.ne-ko.cz\/author\/#Person","name":"","url":"https:\/\/www.ne-ko.cz\/author\/","identifier":1,"image":{"@type":"ImageObject","@id":"https:\/\/secure.gravatar.com\/avatar\/93f351f97d5e20a41105810347d62b8b573eebe9313df1f71432877ed17f5f1a?s=96&d=mm&r=g","url":"https:\/\/secure.gravatar.com\/avatar\/93f351f97d5e20a41105810347d62b8b573eebe9313df1f71432877ed17f5f1a?s=96&d=mm&r=g","height":96,"width":96}},"publisher":{"@type":"Organization","name":"ne-ko.cz","logo":{"@type":"ImageObject","@id":"\/logo.png","url":"\/logo.png","width":600,"height":60}},"image":null,"wordCount":276,"keywords":null},{"@type":"Article","@id":"https:\/\/www.ne-ko.cz\/mladistve-vypadajici-plet-plet-bez-akne-a-vrasek\/","headline":"Mladistv\u011b vypadaj\u00edc\u00ed ple\u0165, ple\u0165 bez akn\u00e9 a vr\u00e1sek!","url":"https:\/\/www.ne-ko.cz\/mladistve-vypadajici-plet-plet-bez-akne-a-vrasek\/","datePublished":"2025-08-23","dateModified":"2025-08-23","mainEntityOfPage":"https:\/\/www.ne-ko.cz\/mladistve-vypadajici-plet-plet-bez-akne-a-vrasek\/","author":{"@type":"Person","@id":"https:\/\/www.ne-ko.cz\/author\/#Person","name":"","url":"https:\/\/www.ne-ko.cz\/author\/","identifier":1,"image":{"@type":"ImageObject","@id":"https:\/\/secure.gravatar.com\/avatar\/93f351f97d5e20a41105810347d62b8b573eebe9313df1f71432877ed17f5f1a?s=96&d=mm&r=g","url":"https:\/\/secure.gravatar.com\/avatar\/93f351f97d5e20a41105810347d62b8b573eebe9313df1f71432877ed17f5f1a?s=96&d=mm&r=g","height":96,"width":96}},"publisher":{"@type":"Organization","name":"ne-ko.cz","logo":{"@type":"ImageObject","@id":"\/logo.png","url":"\/logo.png","width":600,"height":60}},"image":null,"wordCount":279,"keywords":null},{"@type":"Article","@id":"https:\/\/www.ne-ko.cz\/nevkusne-zbozi\/","headline":"Nevkusn\u00e9 zbo\u017e\u00ed","url":"https:\/\/www.ne-ko.cz\/nevkusne-zbozi\/","datePublished":"2025-08-16","dateModified":"2025-08-16","mainEntityOfPage":"https:\/\/www.ne-ko.cz\/nevkusne-zbozi\/","author":{"@type":"Person","@id":"https:\/\/www.ne-ko.cz\/author\/#Person","name":"","url":"https:\/\/www.ne-ko.cz\/author\/","identifier":1,"image":{"@type":"ImageObject","@id":"https:\/\/secure.gravatar.com\/avatar\/93f351f97d5e20a41105810347d62b8b573eebe9313df1f71432877ed17f5f1a?s=96&d=mm&r=g","url":"https:\/\/secure.gravatar.com\/avatar\/93f351f97d5e20a41105810347d62b8b573eebe9313df1f71432877ed17f5f1a?s=96&d=mm&r=g","height":96,"width":96}},"publisher":{"@type":"Organization","name":"ne-ko.cz","logo":{"@type":"ImageObject","@id":"\/logo.png","url":"\/logo.png","width":600,"height":60}},"image":null,"wordCount":225,"keywords":null},{"@type":"Article","@id":"https:\/\/www.ne-ko.cz\/skvele-interiery\/","headline":"Skv\u011bl\u00e9 interi\u00e9ry","url":"https:\/\/www.ne-ko.cz\/skvele-interiery\/","datePublished":"2025-08-08","dateModified":"2025-08-08","mainEntityOfPage":"https:\/\/www.ne-ko.cz\/skvele-interiery\/","author":{"@type":"Person","@id":"https:\/\/www.ne-ko.cz\/author\/#Person","name":"","url":"https:\/\/www.ne-ko.cz\/author\/","identifier":1,"image":{"@type":"ImageObject","@id":"https:\/\/secure.gravatar.com\/avatar\/93f351f97d5e20a41105810347d62b8b573eebe9313df1f71432877ed17f5f1a?s=96&d=mm&r=g","url":"https:\/\/secure.gravatar.com\/avatar\/93f351f97d5e20a41105810347d62b8b573eebe9313df1f71432877ed17f5f1a?s=96&d=mm&r=g","height":96,"width":96}},"publisher":{"@type":"Organization","name":"ne-ko.cz","logo":{"@type":"ImageObject","@id":"\/logo.png","url":"\/logo.png","width":600,"height":60}},"image":null,"wordCount":232,"keywords":null},{"@type":"Article","@id":"https:\/\/www.ne-ko.cz\/kreativni-potreby-s-potiskem-pro-radost-ze-zivota\/","headline":"Kreativn\u00ed pot\u0159eby s potiskem pro radost ze \u017eivota","url":"https:\/\/www.ne-ko.cz\/kreativni-potreby-s-potiskem-pro-radost-ze-zivota\/","datePublished":"2025-08-06","dateModified":"2025-08-06","mainEntityOfPage":"https:\/\/www.ne-ko.cz\/kreativni-potreby-s-potiskem-pro-radost-ze-zivota\/","author":{"@type":"Person","@id":"https:\/\/www.ne-ko.cz\/author\/#Person","name":"","url":"https:\/\/www.ne-ko.cz\/author\/","identifier":1,"image":{"@type":"ImageObject","@id":"https:\/\/secure.gravatar.com\/avatar\/93f351f97d5e20a41105810347d62b8b573eebe9313df1f71432877ed17f5f1a?s=96&d=mm&r=g","url":"https:\/\/secure.gravatar.com\/avatar\/93f351f97d5e20a41105810347d62b8b573eebe9313df1f71432877ed17f5f1a?s=96&d=mm&r=g","height":96,"width":96}},"publisher":{"@type":"Organization","name":"ne-ko.cz","logo":{"@type":"ImageObject","@id":"\/logo.png","url":"\/logo.png","width":600,"height":60}},"image":{"@type":"ImageObject","@id":"https:\/\/www.ne-ko.cz\/wp-content\/uploads\/colored-crayons-1834644_640.jpg","url":"https:\/\/www.ne-ko.cz\/wp-content\/uploads\/colored-crayons-1834644_640.jpg","height":0,"width":0},"wordCount":707,"keywords":null},{"@type":"Article","@id":"https:\/\/www.ne-ko.cz\/nabizime-siroky-vyber-dekoru-folii\/","headline":"Nab\u00edz\u00edme \u0161irok\u00fd v\u00fdb\u011br dekor\u016f f\u00f3li\u00ed","url":"https:\/\/www.ne-ko.cz\/nabizime-siroky-vyber-dekoru-folii\/","datePublished":"2025-08-04","dateModified":"2025-08-04","mainEntityOfPage":"https:\/\/www.ne-ko.cz\/nabizime-siroky-vyber-dekoru-folii\/","author":{"@type":"Person","@id":"https:\/\/www.ne-ko.cz\/author\/#Person","name":"","url":"https:\/\/www.ne-ko.cz\/author\/","identifier":1,"image":{"@type":"ImageObject","@id":"https:\/\/secure.gravatar.com\/avatar\/93f351f97d5e20a41105810347d62b8b573eebe9313df1f71432877ed17f5f1a?s=96&d=mm&r=g","url":"https:\/\/secure.gravatar.com\/avatar\/93f351f97d5e20a41105810347d62b8b573eebe9313df1f71432877ed17f5f1a?s=96&d=mm&r=g","height":96,"width":96}},"publisher":{"@type":"Organization","name":"ne-ko.cz","logo":{"@type":"ImageObject","@id":"\/logo.png","url":"\/logo.png","width":600,"height":60}},"image":null,"wordCount":219,"keywords":null},{"@type":"Article","@id":"https:\/\/www.ne-ko.cz\/co-k-narozeninam\/","headline":"Co k narozenin\u00e1m","url":"https:\/\/www.ne-ko.cz\/co-k-narozeninam\/","datePublished":"2025-07-27","dateModified":"2025-07-27","mainEntityOfPage":"https:\/\/www.ne-ko.cz\/co-k-narozeninam\/","author":{"@type":"Person","@id":"https:\/\/www.ne-ko.cz\/author\/#Person","name":"","url":"https:\/\/www.ne-ko.cz\/author\/","identifier":1,"image":{"@type":"ImageObject","@id":"https:\/\/secure.gravatar.com\/avatar\/93f351f97d5e20a41105810347d62b8b573eebe9313df1f71432877ed17f5f1a?s=96&d=mm&r=g","url":"https:\/\/secure.gravatar.com\/avatar\/93f351f97d5e20a41105810347d62b8b573eebe9313df1f71432877ed17f5f1a?s=96&d=mm&r=g","height":96,"width":96}},"publisher":{"@type":"Organization","name":"ne-ko.cz","logo":{"@type":"ImageObject","@id":"\/logo.png","url":"\/logo.png","width":600,"height":60}},"image":null,"wordCount":225,"keywords":null},{"@type":"Article","@id":"https:\/\/www.ne-ko.cz\/muzeme-vam-zrekonstruovat-vasi-kuchynskou-linku\/","headline":"M\u016f\u017eeme v\u00e1m zrekonstruovat va\u0161\u00ed kuchy\u0148skou linku","url":"https:\/\/www.ne-ko.cz\/muzeme-vam-zrekonstruovat-vasi-kuchynskou-linku\/","datePublished":"2025-07-20","dateModified":"2025-07-20","mainEntityOfPage":"https:\/\/www.ne-ko.cz\/muzeme-vam-zrekonstruovat-vasi-kuchynskou-linku\/","author":{"@type":"Person","@id":"https:\/\/www.ne-ko.cz\/author\/#Person","name":"","url":"https:\/\/www.ne-ko.cz\/author\/","identifier":1,"image":{"@type":"ImageObject","@id":"https:\/\/secure.gravatar.com\/avatar\/93f351f97d5e20a41105810347d62b8b573eebe9313df1f71432877ed17f5f1a?s=96&d=mm&r=g","url":"https:\/\/secure.gravatar.com\/avatar\/93f351f97d5e20a41105810347d62b8b573eebe9313df1f71432877ed17f5f1a?s=96&d=mm&r=g","height":96,"width":96}},"publisher":{"@type":"Organization","name":"ne-ko.cz","logo":{"@type":"ImageObject","@id":"\/logo.png","url":"\/logo.png","width":600,"height":60}},"image":null,"wordCount":220,"keywords":null}]},{"@context":"https:\/\/schema.org","@type":"WebSite","@id":"https:\/\/www.ne-ko.cz\/#website","name":"Ne-ko","url":"https:\/\/www.ne-ko.cz","potentialAction":{"@type":"SearchAction","target":"https:\/\/www.ne-ko.cz\/?s={search_term_string}","query-input":"required name=search_term_string"}}]